{"id":3545,"date":"2022-02-23T15:13:20","date_gmt":"2022-02-23T15:13:20","guid":{"rendered":"https:\/\/wpip.mda.pl\/artykul\/zdobylismy-nagrode-budowlana-firma-roku-2021-2\/"},"modified":"2022-02-23T15:13:20","modified_gmt":"2022-02-23T15:13:20","slug":"zdobylismy-nagrode-budowlana-firma-roku-2021-2","status":"publish","type":"news","link":"https:\/\/wpip.mda.pl\/en\/aktualnosci\/zdobylismy-nagrode-budowlana-firma-roku-2021-2\/","title":{"rendered":"Zdobyli\u015bmy nagrod\u0119 Budowlana Firma Roku 2021"},"content":{"rendered":"\n<section id=\"block_71df0ba258243fc3af1872466c286b5b\" class=\"entry-text \">\n    <div class=\"entry-text__text typo-17\"><p>Miesi\u0119cznik BUILDER przyzna\u0142 doroczne nagrody dla wyr\u00f3\u017cniaj\u0105cych si\u0119 firm i os\u00f3b dzia\u0142aj\u0105cych w bran\u017cy budowlanej. W\u015br\u00f3d laureat\u00f3w og\u0142oszonych 24 lutego 2022 r. znalaz\u0142a si\u0119 nasza firma i cz\u0142onkowie zarz\u0105du.<\/p>\n<\/div>\n<\/section>\n\n\n\n<p>WPIP otrzyma\u0142o tytu\u0142 BUDOWLANA FIRMA ROKU, a kieruj\u0105cy sp\u00f3\u0142k\u0105 prezes <strong>Dariusz Stasik<\/strong> i wiceprezes <strong>Janusz Signetzki<\/strong> wyr\u00f3\u017cnieni zostali tytu\u0142em OSOBOWO\u015a\u0106 BRAN\u017bY.<\/p>\n<p>Dzi\u0119kujemy bardzo redakcji Buildera za nominacj\u0119 i kapitule konkursu za przyznanie nagr\u00f3d. Rok 2021 by\u0142 dla nas czasem wyt\u0119\u017conej pracy, rekordowej liczby prowadzonych kontrakt\u00f3w i uruchomionych plac\u00f3w bud\u00f3w. Dzi\u0119kujemy wszystkim naszym Klientom, Pracownikom, Podwykonwacom, Dostawcom za partnersk\u0105 wsp\u00f3\u0142prac\u0119, kt\u00f3ra przyczyni\u0142a si\u0119 do rozwoju firmy WPIP i uzyskania tej nagrody!<\/p>\n<p>&nbsp;<\/p>\n<p><strong>Informacja o nagrodach przekazana przez miesi\u0119cznik BUILDER:<\/strong><\/p>\n<p>Tym, kt\u00f3rzy odgrywaj\u0105 wiod\u0105c\u0105 rol\u0119 w polskim budownictwie, architekturze oraz nauce i edukacji, wp\u0142ywaj\u0105c na trwa\u0142y rozw\u00f3j naszej bran\u017cy, magazyn \u201eBuilder\u201d\u00a0 przyznaje wyr\u00f3\u017cnienia: POLSKI HERKULES, OSOBOWO\u015a\u0106 BRAN\u017bY, BUDOWLANA FIRMA ROKU i LAURY BUILDERA. To nagrody dla niekwestionowanych lider\u00f3w bran\u017cy i najlepszych manager\u00f3w spo\u015br\u00f3d przedstawicieli wszystkich uczestnik\u00f3w procesu inwestycyjnego: inwestor\u00f3w publicznych oraz prywatnych, deweloper\u00f3w, architekt\u00f3w i projektant\u00f3w, wykonawc\u00f3w, producent\u00f3w oraz doradc\u00f3w bran\u017cowych, a tak\u017ce firm i organizacji wspieraj\u0105cych bran\u017c\u0119 oraz dzia\u0142aj\u0105cych na rzecz polskiego budownictwa, nauki i edukacji. Wyr\u00f3\u017cnienia posiadaj\u0105 ugruntowan\u0105 renom\u0119 i ciesz\u0105 si\u0119 uznaniem w \u015brodowisku budowlanym.<\/p>\n<p><strong>\u00a0<\/strong><\/p>\n<p><strong>BUDOWLANA FIRMA ROKU <\/strong>to wyr\u00f3\u017cnienie przyznawane przez Redakcj\u0119 i Rad\u0119 Naukow\u0105 miesi\u0119cznika\u00a0 \u201eBuilder\u201d firmom z bran\u017cy budowlanej za dynamiczny rozw\u00f3j i osi\u0105gni\u0119t\u0105 pozycj\u0119 na rynku budowlanym; za szczeg\u00f3lne osi\u0105gni\u0119cia\u00a0 w danym roku, wyr\u00f3\u017cniaj\u0105ce firm\u0119 na tle bran\u017cy\u00a0 i konkurencji.<\/p>\n<p><strong>OSOBOWO\u015a\u0106 BRAN\u017bY<\/strong><\/p>\n<p>Wyr\u00f3\u017cnienie specjalne, przyznawane przez Redakcj\u0119 i Rad\u0119 Naukow\u0105 miesi\u0119cznika \u201eBuilder\u201d szefom firm \u2013 osobowo\u015bciom bran\u017cy, za efektywne zarz\u0105dzanie, skuteczne poszerzanie potencja\u0142u i przewagi konkurencyjnej firmy, jak r\u00f3wnie\u017c za przedsi\u0119biorczo\u015b\u0107 i intuicj\u0119 biznesow\u0105 oraz wspieranie istotnych dla rozwoju bran\u017cy inicjatyw.<\/p>\n<p><img decoding=\"async\" loading=\"lazy\" class=\"aligncenter wp-image-6854 size-large\" src=\"https:\/\/wpip.mda.pl\/app\/uploads\/2024\/03\/zdjecie_builder_1_web-768x1024.jpg\" alt=\"Osobowo\u015b\u0107 Roku 2021 Builder\" width=\"768\" height=\"1024\" \/><\/p>","protected":false},"excerpt":{"rendered":"<p>WPIP otrzyma\u0142o tytu\u0142 BUDOWLANA FIRMA ROKU, a kieruj\u0105cy sp\u00f3\u0142k\u0105 prezes Dariusz Stasik i wiceprezes Janusz Signetzki wyr\u00f3\u017cnieni zostali tytu\u0142em OSOBOWO\u015a\u0106 BRAN\u017bY. Dzi\u0119kujemy bardzo redakcji Buildera za nominacj\u0119 i kapitule konkursu za przyznanie nagr\u00f3d. Rok 2021 by\u0142 dla nas czasem wyt\u0119\u017conej pracy, rekordowej liczby prowadzonych kontrakt\u00f3w i uruchomionych plac\u00f3w bud\u00f3w. Dzi\u0119kujemy wszystkim naszym Klientom, Pracownikom, Podwykonwacom, [&hellip;]<\/p>\n","protected":false},"featured_media":3222,"parent":0,"template":"","news_types":[31],"acf":[],"_links":{"self":[{"href":"https:\/\/wpip.mda.pl\/en\/wp-json\/wp\/v2\/news\/3545"}],"collection":[{"href":"https:\/\/wpip.mda.pl\/en\/wp-json\/wp\/v2\/news"}],"about":[{"href":"https:\/\/wpip.mda.pl\/en\/wp-json\/wp\/v2\/types\/news"}],"wp:featuredmedia":[{"embeddable":true,"href":"https:\/\/wpip.mda.pl\/en\/wp-json\/wp\/v2\/media\/3222"}],"wp:attachment":[{"href":"https:\/\/wpip.mda.pl\/en\/wp-json\/wp\/v2\/media?parent=3545"}],"wp:term":[{"taxonomy":"news_types","embeddable":true,"href":"https:\/\/wpip.mda.pl\/en\/wp-json\/wp\/v2\/news_types?post=3545"}],"curies":[{"name":"wp","href":"https:\/\/api.w.org\/{rel}","templated":true}]}}