{"id":3536,"date":"2023-03-16T10:25:00","date_gmt":"2023-03-16T10:25:00","guid":{"rendered":"https:\/\/wpip.mda.pl\/artykul\/z-gali-builder-awards-wracamy-z-trzema-wyroznieniami\/"},"modified":"2023-03-16T10:25:00","modified_gmt":"2023-03-16T10:25:00","slug":"z-gali-builder-awards-wracamy-z-trzema-wyroznieniami","status":"publish","type":"news","link":"https:\/\/wpip.mda.pl\/en\/aktualnosci\/z-gali-builder-awards-wracamy-z-trzema-wyroznieniami\/","title":{"rendered":"Z Gali Builder Awards wracamy z trzema wyr\u00f3\u017cnieniami!"},"content":{"rendered":"\n<section id=\"block_e41366251016bfc51470287862c7d0e8\" class=\"entry-text \">\n    <div class=\"entry-text__text typo-17\"><p>Podczas marcowej Gali Builder Awards zostali\u015bmy uhonorowani presti\u017cowym tytu\u0142em Budowlanej Firmy Roku 2022 w kategorii Generalny Wykonawca, a prezes zarz\u0105du Dariusz Stasik oraz wiceprezes zarz\u0105du Janusz Signetzki \u2013 Osobowo\u015bci Bran\u017cy.<\/p>\n<\/div>\n<\/section>\n\n\n\n<p><strong><em>\u2013 <\/em><\/strong><em>Od pocz\u0105tku swojego istnienia WPIP jest firm\u0105, kt\u00f3ra mocno skupia si\u0119 na przysz\u0142o\u015bci, a nie tylko tera\u017aniejszo\u015bci<\/em><strong> \u2013 komentuje Dariusz Stasik, prezes zarz\u0105du WPIP \u2013 <\/strong><em>Wyprzedzamy panuj\u0105ce na rynku trendy, \u017ceby proponowa\u0107 naszym klientom najnowsze rozwi\u0105zania. Maj\u0105c \u015bwiadomo\u015b\u0107 jak kluczow\u0105 rol\u0119 pe\u0142ni ekologiczne podej\u015bcie do projektowania i budownictwa w procesie zr\u00f3wnowa\u017conego rozwoju, optymalizacji gospodarki i mniejszej eksploatacji \u015brodowiska naturalnego, chcemy nadal rozwija\u0107 si\u0119 w tym obszarze jako lider zielonych rozwi\u0105za\u0144.<\/em><\/p>\n<p><em>\u2013 2022 by\u0142 dla nas kolejnym rekordowym rokiem<\/em> \u2013<strong> m\u00f3wi wiceprezes zarz\u0105du WPIP Janusz Signetzki.\u00a0 <\/strong><em>\u2013<strong>\u00a0 <\/strong>Jest to ogromny pow\u00f3d do dumy i potwierdzenie, \u017ce nasz wyspecjalizowany zesp\u00f3\u0142 jest w stanie realizowa\u0107 nawet najbardziej ambitne cele. Bez w\u0105tpienia najwi\u0119ksz\u0105 warto\u015bci\u0105 firmy s\u0105 kompetentni ludzie. Dysponujemy zgranym zespo\u0142em specjalist\u00f3w z\u0142o\u017conym m.in. z wykwalifikowanych in\u017cynier\u00f3w, architekt\u00f3w, do\u015bwiadczonych manager\u00f3w. Dzi\u0119ki temu oferujemy klientom kompleksow\u0105 realizacj\u0119 inwestycji, z doradztwem w zakresie wdra\u017cania optymalnych rozwi\u0105za\u0144 oraz wsparciem na ka\u017cdym jej etapie.<\/em><\/p>\n<p><a href=\"https:\/\/wpip.pl\/aktualnosci\/zdobylismy-nagrode-budowlana-firma-roku-2021\/\" target=\"_blank\" rel=\"noopener\">Presti\u017cowe tytu\u0142y Budowlanej Firmy Roku w kategorii Generalny Wykonawca oraz Osobowo\u015bci Bran\u017cy w ramach Builder Awards zosta\u0142y przyznane naszej firmie oraz cz\u0142onkom zarz\u0105du \u2013 Dariuszowi Stasikowi oraz Januszowi Signetzkiemu ju\u017c po raz drugi z rz\u0119du.<\/a><\/p>\n<p>Gala <a href=\"https:\/\/builderpolska.pl\/\" target=\"_blank\" rel=\"noopener\">Builder<\/a> Awards to coroczna uroczysto\u015b\u0107, kt\u00f3ra skupia firmy i ludzi z sektora budowlanego. To w\u0142a\u015bnie podczas tego wydarzenia wr\u0119czane s\u0105 nagrody dla niekwestionowanych lider\u00f3w bran\u017cy i najlepszych manager\u00f3w spo\u015br\u00f3d przedstawicieli wszystkich uczestnik\u00f3w procesu inwestycyjnego: inwestor\u00f3w publicznych, prywatnych, deweloper\u00f3w, architekt\u00f3w i projektant\u00f3w, wykonawc\u00f3w, producent\u00f3w, a tak\u017ce firm i organizacji wspieraj\u0105cych bran\u017c\u0119 oraz dzia\u0142aj\u0105cych na rzecz polskiego budownictwa, nauki i edukacji.<\/p>\n<p>Tegoroczna edycja Gali Builder Awards odby\u0142a si\u0119 16 marca w warszawskim Centrum Olimpijskim PKOl. Uczestniczy\u0142a w niej czteroosobowa delegacja firmy WPIP: wiceprezes zarz\u0105du Janusz Signetzki, dyrektor marketingu Monika Do\u0142\u0119bska, dyrektor ds. klient\u00f3w kluczowych Karina Ciania oraz regionalny dyrektor sprzeda\u017cy Maciej Szczygielski.<\/p>\n<p><img decoding=\"async\" loading=\"lazy\" class=\"alignnone size-full wp-image-7799\" src=\"https:\/\/wpip.mda.pl\/app\/uploads\/2024\/03\/1-1.jpg\" alt=\"Gala Builder Awards\" width=\"2560\" height=\"1920\" \/><\/p>\n<p>&nbsp;<\/p>\n<p><img decoding=\"async\" loading=\"lazy\" class=\"alignnone size-full wp-image-7801\" src=\"https:\/\/wpip.mda.pl\/app\/uploads\/2023\/08\/2.png\" alt=\"\" width=\"1024\" height=\"768\" \/><\/p>\n<p>&nbsp;<\/p>\n<p><img decoding=\"async\" loading=\"lazy\" class=\"alignnone size-full wp-image-7802\" src=\"https:\/\/wpip.mda.pl\/app\/uploads\/2024\/03\/Fot.-Builder.jpg\" alt=\"\" width=\"1600\" height=\"2400\" \/><\/p>","protected":false},"excerpt":{"rendered":"<p>\u2013 Od pocz\u0105tku swojego istnienia WPIP jest firm\u0105, kt\u00f3ra mocno skupia si\u0119 na przysz\u0142o\u015bci, a nie tylko tera\u017aniejszo\u015bci \u2013 komentuje Dariusz Stasik, prezes zarz\u0105du WPIP \u2013 Wyprzedzamy panuj\u0105ce na rynku trendy, \u017ceby proponowa\u0107 naszym klientom najnowsze rozwi\u0105zania. Maj\u0105c \u015bwiadomo\u015b\u0107 jak kluczow\u0105 rol\u0119 pe\u0142ni ekologiczne podej\u015bcie do projektowania i budownictwa w procesie zr\u00f3wnowa\u017conego rozwoju, optymalizacji gospodarki [&hellip;]<\/p>\n","protected":false},"featured_media":3537,"parent":0,"template":"","news_types":[31],"acf":[],"_links":{"self":[{"href":"https:\/\/wpip.mda.pl\/en\/wp-json\/wp\/v2\/news\/3536"}],"collection":[{"href":"https:\/\/wpip.mda.pl\/en\/wp-json\/wp\/v2\/news"}],"about":[{"href":"https:\/\/wpip.mda.pl\/en\/wp-json\/wp\/v2\/types\/news"}],"wp:featuredmedia":[{"embeddable":true,"href":"https:\/\/wpip.mda.pl\/en\/wp-json\/wp\/v2\/media\/3537"}],"wp:attachment":[{"href":"https:\/\/wpip.mda.pl\/en\/wp-json\/wp\/v2\/media?parent=3536"}],"wp:term":[{"taxonomy":"news_types","embeddable":true,"href":"https:\/\/wpip.mda.pl\/en\/wp-json\/wp\/v2\/news_types?post=3536"}],"curies":[{"name":"wp","href":"https:\/\/api.w.org\/{rel}","templated":true}]}}