{"id":3534,"date":"2023-06-15T06:52:04","date_gmt":"2023-06-15T06:52:04","guid":{"rendered":"https:\/\/wpip.mda.pl\/artykul\/wpip-z-tytulem-dobrego-pracodawcy-2023\/"},"modified":"2023-06-15T06:52:04","modified_gmt":"2023-06-15T06:52:04","slug":"wpip-z-tytulem-dobrego-pracodawcy-2023","status":"publish","type":"news","link":"https:\/\/wpip.mda.pl\/en\/aktualnosci\/wpip-z-tytulem-dobrego-pracodawcy-2023\/","title":{"rendered":"WPIP z tytu\u0142em \u201eDobrego Pracodawcy 2023\u201d!"},"content":{"rendered":"\n<section id=\"block_53cfd0c11bec7122ec4b57aef5a92ebe\" class=\"entry-text \">\n    <div class=\"entry-text__text typo-17\"><p>Kapitu\u0142a Programu Liderzy Spo\u0142ecznej Odpowiedzialno\u015bci postanowi\u0142a przyzna\u0107 naszej firmie tytu\u0142 \u201eDobrego Pracodawcy 2023\u201d.\u00a0<\/p>\n<\/div>\n<\/section>\n\n\n\n<p>Ocenie podlega\u0142y m.in.: stopie\u0144 zaanga\u017cowania firmy w dzia\u0142alno\u015b\u0107 charytatywn\u0105, sponsorsk\u0105, realizowana polityka pracodawcy oraz inne pozytywne aspekty dzia\u0142alno\u015bci przedsi\u0119biorstwa.<\/p>\n<p><img decoding=\"async\" loading=\"lazy\" class=\"alignnone size-full wp-image-8010\" src=\"https:\/\/wpip.mda.pl\/app\/uploads\/2024\/03\/MicrosoftTeams-image-73.png\" alt=\"Dobry Pracodawca 2023\" width=\"2000\" height=\"1713\" \/><\/p>\n<p>\u2013 <em>Polityka personalna WPIP skierowana jest na dzia\u0142ania prospo\u0142eczne, jeste\u015bmy zaanga\u017cowani i wra\u017cliwi na potrzeby pracownik\u00f3w oraz lokalnego otoczenia. Bardzo cieszy nas nagroda \u201eDobrego Pracodawcy 2023\u201d w ramach programu Liderzy Spo\u0142ecznej Odpowiedzialno\u015bci. Jest to potwierdzenie w\u0142a\u015bciwego kierunku, kt\u00f3rym pod\u0105\u017camy<\/em> \u2013 <strong>komentuje Anna Obuchowicz, dyrektor HR w WPIP<\/strong>.<\/p>","protected":false},"excerpt":{"rendered":"<p>Ocenie podlega\u0142y m.in.: stopie\u0144 zaanga\u017cowania firmy w dzia\u0142alno\u015b\u0107 charytatywn\u0105, sponsorsk\u0105, realizowana polityka pracodawcy oraz inne pozytywne aspekty dzia\u0142alno\u015bci przedsi\u0119biorstwa. \u2013 Polityka personalna WPIP skierowana jest na dzia\u0142ania prospo\u0142eczne, jeste\u015bmy zaanga\u017cowani i wra\u017cliwi na potrzeby pracownik\u00f3w oraz lokalnego otoczenia. Bardzo cieszy nas nagroda \u201eDobrego Pracodawcy 2023\u201d w ramach programu Liderzy Spo\u0142ecznej Odpowiedzialno\u015bci. Jest to potwierdzenie w\u0142a\u015bciwego [&hellip;]<\/p>\n","protected":false},"featured_media":3201,"parent":0,"template":"","news_types":[31],"acf":[],"_links":{"self":[{"href":"https:\/\/wpip.mda.pl\/en\/wp-json\/wp\/v2\/news\/3534"}],"collection":[{"href":"https:\/\/wpip.mda.pl\/en\/wp-json\/wp\/v2\/news"}],"about":[{"href":"https:\/\/wpip.mda.pl\/en\/wp-json\/wp\/v2\/types\/news"}],"wp:featuredmedia":[{"embeddable":true,"href":"https:\/\/wpip.mda.pl\/en\/wp-json\/wp\/v2\/media\/3201"}],"wp:attachment":[{"href":"https:\/\/wpip.mda.pl\/en\/wp-json\/wp\/v2\/media?parent=3534"}],"wp:term":[{"taxonomy":"news_types","embeddable":true,"href":"https:\/\/wpip.mda.pl\/en\/wp-json\/wp\/v2\/news_types?post=3534"}],"curies":[{"name":"wp","href":"https:\/\/api.w.org\/{rel}","templated":true}]}}