{"id":3530,"date":"2023-05-05T12:09:57","date_gmt":"2023-05-05T12:09:57","guid":{"rendered":"https:\/\/wpip.mda.pl\/artykul\/wpip-oraz-poznanski-zespol-szkol-przyrodniczych-beda-razem-wspolpracowac\/"},"modified":"2023-05-05T12:09:57","modified_gmt":"2023-05-05T12:09:57","slug":"wpip-oraz-poznanski-zespol-szkol-przyrodniczych-beda-razem-wspolpracowac","status":"publish","type":"news","link":"https:\/\/wpip.mda.pl\/en\/aktualnosci\/wpip-oraz-poznanski-zespol-szkol-przyrodniczych-beda-razem-wspolpracowac\/","title":{"rendered":"WPIP oraz pozna\u0144ski Zesp\u00f3\u0142 Szk\u00f3\u0142 Przyrodniczych b\u0119d\u0105 razem wsp\u00f3\u0142pracowa\u0107"},"content":{"rendered":"\n<section id=\"block_8156f3dfd6c8058939dc4097f0554e66\" class=\"entry-text \">\n    <div class=\"entry-text__text typo-17\"><p>Razem z Zespo\u0142em Szk\u00f3\u0142 Przyrodniczych w Poznaniu podpisali\u015bmy porozumienie, w ramach kt\u00f3rego przewidywane jest m.in. wsp\u00f3\u0142tworzenie program\u00f3w sta\u017cowych, konsultacje istniej\u0105cych program\u00f3w nauczania obejmuj\u0105ce ide\u0119 zr\u00f3wnowa\u017conego budownictwa udzielane przez ekspert\u00f3w naszej firmy oraz ich udzia\u0142 w zaj\u0119ciach praktycznych organizowanych przez plac\u00f3wk\u0119 o\u015bwiatow\u0105.<\/p>\n<\/div>\n<\/section>\n\n\n\n<p>Porozumienie o wsp\u00f3\u0142pracy zosta\u0142o podpisane przez Andrzeja Kabaci\u0144skiego, dyrektora <a href=\"https:\/\/zsppoznan.pl\/\" target=\"_blank\" rel=\"noopener\">Zespo\u0142u Szk\u00f3\u0142 Przyrodniczych w Poznaniu<\/a> oraz dr. Janusza Signetzkiego, wiceprezesa zarz\u0105du WPIP.<\/p>\n<p>Przewiduje ono m.in. wsparcie merytoryczne ekspert\u00f3w naszej firmy poprzez konsultacje istniej\u0105cych program\u00f3w nauczania zwi\u0105zanych z ide\u0105 zr\u00f3wnowa\u017conego budownictwa. Ze szko\u0142\u0105 maj\u0105 wsp\u00f3\u0142pracowa\u0107 pracownicy WPIP zajmuj\u0105cy si\u0119 tematyk\u0105 odnawialnych \u017ar\u00f3de\u0142 energii, m.in. prowadz\u0105c zaj\u0119cia praktyczne. Dzi\u0119ki porozumieniu, na bazie ciekawych projekt\u00f3w realizowanych w firmie, mog\u0105 powsta\u0107 prace zaliczeniowe. Obie strony zadeklarowa\u0142y ponadto mo\u017cliwo\u015b\u0107 tworzenia wsp\u00f3lnych program\u00f3w sta\u017cowych. Dzi\u0119ki temu uczniowie Zespo\u0142u Szk\u00f3\u0142 Przyrodniczych w Poznaniu b\u0119d\u0105 mogli zdobywa\u0107 praktyczne umiej\u0119tno\u015bci przydatne na rynku pracy.<\/p>\n<p><img decoding=\"async\" loading=\"lazy\" class=\"alignnone size-full wp-image-7899\" src=\"https:\/\/wpip.mda.pl\/app\/uploads\/2024\/03\/20230322_100952-remake.jpg\" alt=\"Podpisanie porozumienia o wsp\u00f3\u0142pracy z Zespo\u0142em Szk\u00f3\u0142 Przyrodniczych w Poznaniu\" width=\"1920\" height=\"1080\" \/><\/p>\n<p>\u2013\u00a0 <em>B\u0119d\u0105c generalnym wykonawc\u0105 i projektantem, kt\u00f3ry dzia\u0142a zgodnie z zasadami zr\u00f3wnowa\u017conego rozwoju i promuje w\u015br\u00f3d inwestor\u00f3w stosowanie tzw. zielonych rozwi\u0105za\u0144, partnerstwo z podmiotami takimi jak Zesp\u00f3\u0142 Szk\u00f3\u0142 Przyrodniczych jest dla nas czym\u015b naturalnym<\/em> \u2013 <strong>m\u00f3wi Janusz Signetzki, wiceprezes zarz\u0105du WPIP<\/strong>. \u2013 <em>Cieszymy si\u0119, \u017ce swoj\u0105 wiedz\u0119 i do\u015bwiadczenie w tym zakresie b\u0119dziemy mogli wykorzysta\u0107 podczas pracy z m\u0142odzie\u017c\u0105. <\/em><\/p>\n<p><em>\u00a0<\/em><em>\u2013 \u00a0Wsp\u00f3\u0142praca Zespo\u0142u Szk\u00f3\u0142 Przyrodniczych z tak profesjonalnym, rzetelnym i wiarygodnym partnerem, pozwoli nam na fachowe przygotowanie uczni\u00f3w w kwestiach zawodowych \u2013 <strong>dodaje Andrzej Kabaci\u0144ski, dyrektor Zespo\u0142u Szk\u00f3\u0142 Przyrodniczych w Poznaniu.<\/strong> \u2013 Pragn\u0119 jednocze\u015bnie wyrazi\u0107 nadziej\u0119 na to, \u017ce relacje partnerskie przyczyni\u0105 si\u0119 do dalszego rozwoju oraz obop\u00f3lnych korzy\u015bci. Czas ten b\u0119dzie dla wszystkich wa\u017cnym etapem i ciekawym wyzwaniem. Mam nadziej\u0119, \u017ce wsp\u00f3lne dzia\u0142ania pozwol\u0105 nam na rozw\u00f3j zawodowy naszych uczni\u00f3w i przysz\u0142ych dobrych fachowc\u00f3w.<\/em><\/p>","protected":false},"excerpt":{"rendered":"<p>Porozumienie o wsp\u00f3\u0142pracy zosta\u0142o podpisane przez Andrzeja Kabaci\u0144skiego, dyrektora Zespo\u0142u Szk\u00f3\u0142 Przyrodniczych w Poznaniu oraz dr. Janusza Signetzkiego, wiceprezesa zarz\u0105du WPIP. Przewiduje ono m.in. wsparcie merytoryczne ekspert\u00f3w naszej firmy poprzez konsultacje istniej\u0105cych program\u00f3w nauczania zwi\u0105zanych z ide\u0105 zr\u00f3wnowa\u017conego budownictwa. Ze szko\u0142\u0105 maj\u0105 wsp\u00f3\u0142pracowa\u0107 pracownicy WPIP zajmuj\u0105cy si\u0119 tematyk\u0105 odnawialnych \u017ar\u00f3de\u0142 energii, m.in. prowadz\u0105c zaj\u0119cia praktyczne. [&hellip;]<\/p>\n","protected":false},"featured_media":3195,"parent":0,"template":"","news_types":[31],"acf":[],"_links":{"self":[{"href":"https:\/\/wpip.mda.pl\/en\/wp-json\/wp\/v2\/news\/3530"}],"collection":[{"href":"https:\/\/wpip.mda.pl\/en\/wp-json\/wp\/v2\/news"}],"about":[{"href":"https:\/\/wpip.mda.pl\/en\/wp-json\/wp\/v2\/types\/news"}],"wp:featuredmedia":[{"embeddable":true,"href":"https:\/\/wpip.mda.pl\/en\/wp-json\/wp\/v2\/media\/3195"}],"wp:attachment":[{"href":"https:\/\/wpip.mda.pl\/en\/wp-json\/wp\/v2\/media?parent=3530"}],"wp:term":[{"taxonomy":"news_types","embeddable":true,"href":"https:\/\/wpip.mda.pl\/en\/wp-json\/wp\/v2\/news_types?post=3530"}],"curies":[{"name":"wp","href":"https:\/\/api.w.org\/{rel}","templated":true}]}}