{"id":3525,"date":"2023-03-13T14:54:34","date_gmt":"2023-03-13T14:54:34","guid":{"rendered":"https:\/\/wpip.mda.pl\/artykul\/wpip-na-targach-pracy-politechniki-poznanskiej\/"},"modified":"2023-03-13T14:54:34","modified_gmt":"2023-03-13T14:54:34","slug":"wpip-na-targach-pracy-politechniki-poznanskiej","status":"publish","type":"news","link":"https:\/\/wpip.mda.pl\/en\/aktualnosci\/wpip-na-targach-pracy-politechniki-poznanskiej\/","title":{"rendered":"WPIP na Targach Pracy Politechniki Pozna\u0144skiej"},"content":{"rendered":"\n<section id=\"block_fc5639f43ad960e7be29a51f6536331e\" class=\"entry-text \">\n    <div class=\"entry-text__text typo-17\"><p>Podczas 24 edycji Targ\u00f3w Pracy Politechniki Pozna\u0144skiej du\u017cym powodzeniem odwiedzaj\u0105cych cieszy\u0142o si\u0119 stoisko WPIP, na kt\u00f3rym eksperci opowiadali o specyfice pracy w naszej firmie.\u00a0<\/p>\n<\/div>\n<\/section>\n\n\n\n<p>Targi pracy, kt\u00f3re odby\u0142y si\u0119 8 i 9 marca, zorganizowa\u0142y: Centrum Praktyk i Karier Politechniki Pozna\u0144skiej oraz sp\u00f3\u0142ka Politechnika Innowacje. Impreza odby\u0142a si\u0119 pod has\u0142em \u201eWkr\u0119camy w biznes jak nikt\u201d.<\/p>\n<p>Na naszym stoisku do dyspozycji odwiedzaj\u0105cych byli eksperci WPIP, kt\u00f3rzy opowiadali zainteresowanym\u00a0o specyfice firmy i korzy\u015bciach, jakie oferuje, a tak\u017ce odpowiadali na ka\u017cde zadanie im pytanie.<\/p>\n<p>Wszystkie najnowsze oferty sta\u017cy oraz pracy, m.in. w pracowni projektowej, dziale budownictwa, zakup\u00f3w i instalacji sanitarnych, znajduj\u0105 si\u0119 na naszej stronie internetowej, w zak\u0142adce <a href=\"https:\/\/wpip.pl\/kariera\/\" target=\"_blank\" rel=\"noopener\">\u201eKariera\u201d<\/a>.<\/p>\n<p><img decoding=\"async\" loading=\"lazy\" class=\"alignnone size-full wp-image-7793\" src=\"https:\/\/wpip.mda.pl\/app\/uploads\/2024\/03\/11.jpeg\" alt=\"WPIP na Targach Pracy Politechniki Pozna\u0144skiej\" width=\"960\" height=\"720\" \/><\/p>\n<p>&nbsp;<\/p>\n<p><img decoding=\"async\" loading=\"lazy\" class=\"alignnone size-full wp-image-7796\" src=\"https:\/\/wpip.mda.pl\/app\/uploads\/2024\/03\/pp.jpeg\" alt=\"WPIP na Targach Pracy Politechniki Pozna\u0144skiej\" width=\"960\" height=\"720\" \/><\/p>","protected":false},"excerpt":{"rendered":"<p>Targi pracy, kt\u00f3re odby\u0142y si\u0119 8 i 9 marca, zorganizowa\u0142y: Centrum Praktyk i Karier Politechniki Pozna\u0144skiej oraz sp\u00f3\u0142ka Politechnika Innowacje. Impreza odby\u0142a si\u0119 pod has\u0142em \u201eWkr\u0119camy w biznes jak nikt\u201d. Na naszym stoisku do dyspozycji odwiedzaj\u0105cych byli eksperci WPIP, kt\u00f3rzy opowiadali zainteresowanym\u00a0o specyfice firmy i korzy\u015bciach, jakie oferuje, a tak\u017ce odpowiadali na ka\u017cde zadanie im [&hellip;]<\/p>\n","protected":false},"featured_media":3186,"parent":0,"template":"","news_types":[31],"acf":[],"_links":{"self":[{"href":"https:\/\/wpip.mda.pl\/en\/wp-json\/wp\/v2\/news\/3525"}],"collection":[{"href":"https:\/\/wpip.mda.pl\/en\/wp-json\/wp\/v2\/news"}],"about":[{"href":"https:\/\/wpip.mda.pl\/en\/wp-json\/wp\/v2\/types\/news"}],"wp:featuredmedia":[{"embeddable":true,"href":"https:\/\/wpip.mda.pl\/en\/wp-json\/wp\/v2\/media\/3186"}],"wp:attachment":[{"href":"https:\/\/wpip.mda.pl\/en\/wp-json\/wp\/v2\/media?parent=3525"}],"wp:term":[{"taxonomy":"news_types","embeddable":true,"href":"https:\/\/wpip.mda.pl\/en\/wp-json\/wp\/v2\/news_types?post=3525"}],"curies":[{"name":"wp","href":"https:\/\/api.w.org\/{rel}","templated":true}]}}