{"id":3521,"date":"2024-02-09T14:20:19","date_gmt":"2024-02-09T14:20:19","guid":{"rendered":"https:\/\/wpip.mda.pl\/artykul\/wpip-construction-wyroznione-tytulem-budowlanej-firmy-roku-2023\/"},"modified":"2024-02-09T14:20:19","modified_gmt":"2024-02-09T14:20:19","slug":"wpip-construction-wyroznione-tytulem-budowlanej-firmy-roku-2023","status":"publish","type":"news","link":"https:\/\/wpip.mda.pl\/en\/aktualnosci\/wpip-construction-wyroznione-tytulem-budowlanej-firmy-roku-2023\/","title":{"rendered":"WPIP Construction wyr\u00f3\u017cnione tytu\u0142em \u201eBudowlanej Firmy Roku 2023\u201d"},"content":{"rendered":"\n<section id=\"block_6a8393eaff303760526d63699106f62e\" class=\"entry-text \">\n    <div class=\"entry-text__text typo-17\"><p>Zostali\u015bmy wyr\u00f3\u017cnieni tytu\u0142em \u201eBudowlanej Firmy Roku\u201d, a Dariusz Stasik, w\u0142a\u015bciciel firmy i Janusz Signetzki, prezes zarz\u0105du \u2013 \u201eOsobowo\u015bci Bran\u017cy\u201d! Nagrody przyznano podczas gali Builder Awards 2023. Wydarzenie odby\u0142o si\u0119 w czwartek w Centrum Olimpijskim w Warszawie.<\/p>\n<\/div>\n<\/section>\n\n\n\n<p>Builder Awards to nagrody dla niekwestionowanych lider\u00f3w bran\u017cy i najlepszych manager\u00f3w spo\u015br\u00f3d przedstawicieli wszystkich uczestnik\u00f3w procesu inwestycyjnego: inwestor\u00f3w publicznych oraz prywatnych, deweloper\u00f3w, architekt\u00f3w i projektant\u00f3w, wykonawc\u00f3w, producent\u00f3w oraz doradc\u00f3w bran\u017cowych, a tak\u017ce firm i organizacji wspieraj\u0105cych bran\u017c\u0119 oraz dzia\u0142aj\u0105cych na rzecz polskiego budownictwa, nauki i edukacji. Wyr\u00f3\u017cnienia posiadaj\u0105 ugruntowan\u0105 renom\u0119 i ciesz\u0105 si\u0119 uznaniem w \u015brodowisku budowlanym. Przyznawane s\u0105 przez redakcj\u0119 i rad\u0119 naukow\u0105 miesi\u0119cznika <a href=\"https:\/\/builderpolska.pl\/\" target=\"_blank\" rel=\"noopener\">\u201eBuilder\u201d<\/a>.<\/p>\n<p><img decoding=\"async\" loading=\"lazy\" class=\"alignnone size-full wp-image-8261\" src=\"https:\/\/wpip.mda.pl\/app\/uploads\/2024\/03\/Builder_Awards_2024-363.jpg\" alt=\"Builder Awards 2023\" width=\"2400\" height=\"1600\" \/><\/p>\n<p>Na gali nasz\u0105 firm\u0119 reprezentowali: Dariusz Stasik, Marek Mielnik, cz\u0142onek zarz\u0105du WPIP Construction, kt\u00f3ry odebra\u0142 wyr\u00f3\u017cnienie \u201eOsobowo\u015bci Roku\u201d przyznane Januszowi Signetzkiemu, Monika Do\u0142\u0119bska, dyrektor marketingu, oraz Jakub Zi\u0119bka, PR manager.<\/p>\n<p><img decoding=\"async\" loading=\"lazy\" class=\"alignnone size-full wp-image-8263\" src=\"https:\/\/wpip.mda.pl\/app\/uploads\/2024\/03\/Builder_Awards_2024-364.jpg\" alt=\"Builder Awards 2023\" width=\"2400\" height=\"1600\" \/><\/p>\n<p>&nbsp;<\/p>","protected":false},"excerpt":{"rendered":"<p>Builder Awards to nagrody dla niekwestionowanych lider\u00f3w bran\u017cy i najlepszych manager\u00f3w spo\u015br\u00f3d przedstawicieli wszystkich uczestnik\u00f3w procesu inwestycyjnego: inwestor\u00f3w publicznych oraz prywatnych, deweloper\u00f3w, architekt\u00f3w i projektant\u00f3w, wykonawc\u00f3w, producent\u00f3w oraz doradc\u00f3w bran\u017cowych, a tak\u017ce firm i organizacji wspieraj\u0105cych bran\u017c\u0119 oraz dzia\u0142aj\u0105cych na rzecz polskiego budownictwa, nauki i edukacji. Wyr\u00f3\u017cnienia posiadaj\u0105 ugruntowan\u0105 renom\u0119 i ciesz\u0105 si\u0119 uznaniem w [&hellip;]<\/p>\n","protected":false},"featured_media":3522,"parent":0,"template":"","news_types":[31],"acf":[],"_links":{"self":[{"href":"https:\/\/wpip.mda.pl\/en\/wp-json\/wp\/v2\/news\/3521"}],"collection":[{"href":"https:\/\/wpip.mda.pl\/en\/wp-json\/wp\/v2\/news"}],"about":[{"href":"https:\/\/wpip.mda.pl\/en\/wp-json\/wp\/v2\/types\/news"}],"wp:featuredmedia":[{"embeddable":true,"href":"https:\/\/wpip.mda.pl\/en\/wp-json\/wp\/v2\/media\/3522"}],"wp:attachment":[{"href":"https:\/\/wpip.mda.pl\/en\/wp-json\/wp\/v2\/media?parent=3521"}],"wp:term":[{"taxonomy":"news_types","embeddable":true,"href":"https:\/\/wpip.mda.pl\/en\/wp-json\/wp\/v2\/news_types?post=3521"}],"curies":[{"name":"wp","href":"https:\/\/api.w.org\/{rel}","templated":true}]}}