{"id":3506,"date":"2023-05-22T13:33:33","date_gmt":"2023-05-22T13:33:33","guid":{"rendered":"https:\/\/wpip.mda.pl\/artykul\/wiecha-na-inwestycji-hama-polska-2\/"},"modified":"2023-05-22T13:33:33","modified_gmt":"2023-05-22T13:33:33","slug":"wiecha-na-inwestycji-hama-polska-2","status":"publish","type":"news","link":"https:\/\/wpip.mda.pl\/en\/aktualnosci\/wiecha-na-inwestycji-hama-polska-2\/","title":{"rendered":"Wiecha na inwestycji Hama Polska"},"content":{"rendered":"\n<section id=\"block_1d7358800556ecb7656b864270eb2e36\" class=\"entry-text \">\n    <div class=\"entry-text__text typo-17\"><p>22 maja w<\/p>\n<\/div>\n<\/section>\n\n\n\n<p>wielkopolskim Robakowie odby\u0142o si\u0119 uroczyste zawieszenie wiechy na inwestycji Hama Polska, kt\u00f3r\u0105 mamy przyjemno\u015b\u0107 realizowa\u0107.<\/p>\n<p>W uroczysto\u015bci, uczestniczyli przedstawiciele inwestora (m.in. prezes zarz\u0105du Hama Polska Ma\u0142gorzata Deckinger, Rafal Myczkowski, wiceprezes zarz\u0105du Hama Polska) oraz naszej firmy (wiceprezes zarz\u0105du Janusz Signetzki), podwykonawc\u00f3w oraz inspektorzy.<\/p>\n<p><img decoding=\"async\" loading=\"lazy\" class=\"alignnone wp-image-7932 size-full\" src=\"https:\/\/wpip.mda.pl\/app\/uploads\/2024\/03\/hama4.jpg\" alt=\"wiecha - Hama\" width=\"1192\" height=\"672\" \/><\/p>\n<p><img decoding=\"async\" loading=\"lazy\" class=\"alignnone wp-image-7930 size-full\" src=\"https:\/\/wpip.mda.pl\/app\/uploads\/2024\/03\/hama2.jpg\" alt=\"wiecha - Hama\" width=\"1440\" height=\"811\" \/><\/p>\n<p><img decoding=\"async\" loading=\"lazy\" class=\"alignnone wp-image-7931 size-full\" src=\"https:\/\/wpip.mda.pl\/app\/uploads\/2024\/03\/hama3.jpg\" alt=\"\" width=\"900\" height=\"1417\" \/><\/p>\n<p><a href=\"https:\/\/wpip.pl\/aktualnosci\/rozpoczelismy-rozbudowe-hali-magazynowej-hama-polska\/\" target=\"_blank\" rel=\"noopener\">Inwestycja polega na rozbudowie hali magazynowej Hama Polska o 4,5 tys. m kw. powierzchni. Dodatkowo powstanie cz\u0119\u015b\u0107 socjalno-techniczna o powierzchni 200 m kw. oraz infrastruktura zewn\u0119trzna, w sk\u0142ad kt\u00f3rej wejd\u0105: nowy wjazd na dzia\u0142k\u0119, drogi i parkingi wewn\u0119trzne, oraz pompownia, zbiorniki przeciwpo\u017carowe i retencyjne. <\/a><\/p>\n<p>W ramach inwestycji odpowiadamy zar\u00f3wno za projekt, jak i generalne wykonawstwo. Po rozbudowie powierzchnia hali magazynowej wzro\u015bnie do 9 tys. m kw.<\/p>\n<p>&nbsp;<\/p>","protected":false},"excerpt":{"rendered":"<p>wielkopolskim Robakowie odby\u0142o si\u0119 uroczyste zawieszenie wiechy na inwestycji Hama Polska, kt\u00f3r\u0105 mamy przyjemno\u015b\u0107 realizowa\u0107. W uroczysto\u015bci, uczestniczyli przedstawiciele inwestora (m.in. prezes zarz\u0105du Hama Polska Ma\u0142gorzata Deckinger, Rafal Myczkowski, wiceprezes zarz\u0105du Hama Polska) oraz naszej firmy (wiceprezes zarz\u0105du Janusz Signetzki), podwykonawc\u00f3w oraz inspektorzy. Inwestycja polega na rozbudowie hali magazynowej Hama Polska o 4,5 tys. m [&hellip;]<\/p>\n","protected":false},"featured_media":3507,"parent":0,"template":"","news_types":[31],"acf":[],"_links":{"self":[{"href":"https:\/\/wpip.mda.pl\/en\/wp-json\/wp\/v2\/news\/3506"}],"collection":[{"href":"https:\/\/wpip.mda.pl\/en\/wp-json\/wp\/v2\/news"}],"about":[{"href":"https:\/\/wpip.mda.pl\/en\/wp-json\/wp\/v2\/types\/news"}],"wp:featuredmedia":[{"embeddable":true,"href":"https:\/\/wpip.mda.pl\/en\/wp-json\/wp\/v2\/media\/3507"}],"wp:attachment":[{"href":"https:\/\/wpip.mda.pl\/en\/wp-json\/wp\/v2\/media?parent=3506"}],"wp:term":[{"taxonomy":"news_types","embeddable":true,"href":"https:\/\/wpip.mda.pl\/en\/wp-json\/wp\/v2\/news_types?post=3506"}],"curies":[{"name":"wp","href":"https:\/\/api.w.org\/{rel}","templated":true}]}}