{"id":3501,"date":"2022-11-18T10:47:56","date_gmt":"2022-11-18T10:47:56","guid":{"rendered":"https:\/\/wpip.mda.pl\/artykul\/well-being-w-firmie-goscilismy-czlonkow-wielkopolskiego-klubu-kapitalu-2\/"},"modified":"2022-11-18T10:47:56","modified_gmt":"2022-11-18T10:47:56","slug":"well-being-w-firmie-goscilismy-czlonkow-wielkopolskiego-klubu-kapitalu-2","status":"publish","type":"news","link":"https:\/\/wpip.mda.pl\/en\/aktualnosci\/well-being-w-firmie-goscilismy-czlonkow-wielkopolskiego-klubu-kapitalu-2\/","title":{"rendered":"Well-being w firmie. Go\u015bcili\u015bmy cz\u0142onk\u00f3w Wielkopolskiego Klubu Kapita\u0142u"},"content":{"rendered":"\n<section id=\"block_e523946f7613c4dbc0aa317eb09378ef\" class=\"entry-text \">\n    <div class=\"entry-text__text typo-17\"><p>Jak dba\u0107 o zdrowie i zadowolenie swoich pracownik\u00f3w? Dlaczego warto stawia\u0107 na rozwi\u0105zania poprawiaj\u0105ce ich dobrostan? Swoimi do\u015bwiadczeniami w tym zakresie podzielili\u015bmy si\u0119 podczas spotkania cz\u0142onk\u00f3w Wielkopolskiego Klubu Kapita\u0142u, kt\u00f3rego byli\u015bmy gospodarzami. <\/p>\n<\/div>\n<\/section>\n\n\n\n<p>Spotkanie odby\u0142o si\u0119 w 17 listopada w naszej siedzibie, czyli Smart Building Center. Uczestniczy\u0142o w nim kilkudziesi\u0119ciu cz\u0142onk\u00f3w <a href=\"https:\/\/wkk.poznan.pl\/\" target=\"_blank\" rel=\"noopener\">Wielkopolskiego Klubu Kapita\u0142u<\/a>. Tematem przewodnim by\u0142y kwestie zwi\u0105zane z dobrostanem pracownik\u00f3w w organizacji.<\/p>\n<p>Program wydarzenia sk\u0142ada\u0142 si\u0119 z kilku cz\u0119\u015bci. Pierwsz\u0105 z nich poprowadzili: prezes zarz\u0105du WPIP Dariusz Stasik oraz wiceprezes zarz\u0105du WPIP Janusz Signetzki, przedstawiaj\u0105c zebranym najwa\u017cniejsze informacje na temat firmy oraz najbli\u017csze plany na przysz\u0142o\u015b\u0107.<\/p>\n<p><img decoding=\"async\" loading=\"lazy\" class=\"alignnone wp-image-7369 size-img_post\" src=\"https:\/\/wpip.mda.pl\/app\/uploads\/2024\/03\/image00133.jpeg\" alt=\"Spotkanie Wielkopolskiego Klubu Kapita\u0142u w Smart Building Center\" width=\"950\" height=\"713\" \/><\/p>\n<p><strong>Dzia\u0142ania na rzecz dobrostanu w praktyce<\/strong><\/p>\n<p>Drug\u0105 cz\u0119\u015b\u0107 spotkania poprowadzi\u0142a Monika Do\u0142\u0119bska, dyrektor marketingu WPIP. Opowiedzia\u0142a o tym, jakie dzia\u0142ania w kontek\u015bcie dbania o dobrostan pracownik\u00f3w mo\u017ce realizowa\u0107 pracodawca, pos\u0142uguj\u0105c si\u0119 przyk\u0142adami wdro\u017conymi w naszej firmie. Z jednej strony chodzi o stworzenie komfortowej i zdrowej przestrzeni do pracy (przyk\u0142adem jest Smart Building Center). Z drugiej \u2013 zaproponowanie bogatego pakietu z\u0142o\u017conego z dodatk\u00f3w pracowniczych, szkole\u0144, wspierania kompetencji pracownik\u00f3w, np. poprzez dofinansowanie nauki j\u0119zyk\u00f3w obcych.\u00a0 Z kolei Dariusz Stasik wspomina\u0142 o Experience Center, showroomie <a href=\"https:\/\/savetheplanet.pl\/\" target=\"_blank\" rel=\"noopener\">Fundacji Save The Planet<\/a>, kt\u00f3re jest miejscem wp\u0142ywaj\u0105cym na dobrostan os\u00f3b odwiedzaj\u0105cych.<\/p>\n<p><img decoding=\"async\" loading=\"lazy\" class=\"alignnone wp-image-7370 size-img_post\" src=\"https:\/\/wpip.mda.pl\/app\/uploads\/2024\/03\/image00128.jpeg\" alt=\"Spotkanie Wielkopolskiego Klubu Kapita\u0142u w Smart Building Center\" width=\"950\" height=\"713\" \/><\/p>\n<p><strong>Wielokryterialny system certyfikacji<\/strong><\/p>\n<p>Prezes WPIP opowiada\u0142 tak\u017ce zebranym cz\u0142onkom Wielkopolskiego Klubu Kapita\u0142u o certyfikacie Planet Friendly, stworzonym przez <a href=\"https:\/\/www.obir.pl\/\" target=\"_blank\" rel=\"noopener\">O\u015brodek Bada\u0144 i Rozwoju \u201eSave The Planet\u201d<\/a>, kompleksowym i wielokryterialnym systemie certyfikacji budynk\u00f3w, produkt\u00f3w oraz us\u0142ug. Pozwala on na precyzyjne sparametryzowanie, np. budynk\u00f3w pod k\u0105tem energooszcz\u0119dno\u015bci i innych korzy\u015bci dla \u015brodowiska w ca\u0142ym cyklu \u017cycia,\u00a0 jak i komfort\u00f3w ich u\u017cytkownik\u00f3w. Certyfikat mo\u017cna uzyska\u0107 na czterech poziomach: Understanding, Respectful, Caring oraz Loving.<\/p>\n<p><img decoding=\"async\" loading=\"lazy\" class=\"alignnone wp-image-7371 size-img_post\" src=\"https:\/\/wpip.mda.pl\/app\/uploads\/2024\/03\/image00038.jpeg\" alt=\"Spotkanie Wielkopolskiego Klubu Kapita\u0142u w Smart Building Center\" width=\"950\" height=\"713\" \/><\/p>\n<p>Ostatnim punktem programu by\u0142o zwiedzanie Smart Building Center w towarzystwie prezesa oraz wiceprezesa WPIP.<\/p>\n<p>Wielkopolski Klub Kapita\u0142u jest apolityczn\u0105, elitarn\u0105 organizacj\u0105 przedsi\u0119biorc\u00f3w. Zrzesza w\u0142a\u015bcicieli i szef\u00f3w firm o wybitnych cechach osobowo\u015bci i wysokim autorytecie spo\u0142ecznym, prowadz\u0105cych rzetelne i wiarygodne firmy. Od ponad dwudziestu pi\u0119ciu lat z sukcesem integruje \u015brodowisko wielkopolskich przedsi\u0119biorc\u00f3w, kt\u00f3rzy sw\u0105 postaw\u0105 i dzia\u0142alno\u015bci\u0105 wp\u0142ywaj\u0105 bezpo\u015brednio na rozw\u00f3j Wielkopolski oraz jej pozycj\u0119 w kraju i Europie.<\/p>\n<p>W ramach swoich dzia\u0142a\u0144 statutowych, WKK prowadzi cykliczne spotkania, podczas kt\u00f3rych przedsi\u0119biorcy dziel\u0105 si\u0119 swoj\u0105 unikaln\u0105 wiedz\u0105, do\u015bwiadczeniami i dobrymi praktykami. Mamy nadziej\u0119, \u017ce uda\u0142o nam si\u0119 wnie\u015b\u0107 merytoryczny wk\u0142ad, a mo\u017ce nawet zainspirowa\u0107 innych do inwestycji w ten wa\u017cny obszar, jakim\u00a0 jest dobrostan pracownik\u00f3w we wsp\u00f3\u0142czesnej organizacji.<\/p>","protected":false},"excerpt":{"rendered":"<p>Spotkanie odby\u0142o si\u0119 w 17 listopada w naszej siedzibie, czyli Smart Building Center. Uczestniczy\u0142o w nim kilkudziesi\u0119ciu cz\u0142onk\u00f3w Wielkopolskiego Klubu Kapita\u0142u. Tematem przewodnim by\u0142y kwestie zwi\u0105zane z dobrostanem pracownik\u00f3w w organizacji. Program wydarzenia sk\u0142ada\u0142 si\u0119 z kilku cz\u0119\u015bci. Pierwsz\u0105 z nich poprowadzili: prezes zarz\u0105du WPIP Dariusz Stasik oraz wiceprezes zarz\u0105du WPIP Janusz Signetzki, przedstawiaj\u0105c zebranym [&hellip;]<\/p>\n","protected":false},"featured_media":3162,"parent":0,"template":"","news_types":[31],"acf":[],"_links":{"self":[{"href":"https:\/\/wpip.mda.pl\/en\/wp-json\/wp\/v2\/news\/3501"}],"collection":[{"href":"https:\/\/wpip.mda.pl\/en\/wp-json\/wp\/v2\/news"}],"about":[{"href":"https:\/\/wpip.mda.pl\/en\/wp-json\/wp\/v2\/types\/news"}],"wp:featuredmedia":[{"embeddable":true,"href":"https:\/\/wpip.mda.pl\/en\/wp-json\/wp\/v2\/media\/3162"}],"wp:attachment":[{"href":"https:\/\/wpip.mda.pl\/en\/wp-json\/wp\/v2\/media?parent=3501"}],"wp:term":[{"taxonomy":"news_types","embeddable":true,"href":"https:\/\/wpip.mda.pl\/en\/wp-json\/wp\/v2\/news_types?post=3501"}],"curies":[{"name":"wp","href":"https:\/\/api.w.org\/{rel}","templated":true}]}}