{"id":3485,"date":"2022-10-01T07:05:48","date_gmt":"2022-10-01T07:05:48","guid":{"rendered":"https:\/\/wpip.mda.pl\/artykul\/uroczysty-jubileusz-wielkopolska-izba-budownictwa-obchodzi-30-lecie-istnienia-2\/"},"modified":"2024-03-19T07:47:01","modified_gmt":"2024-03-19T07:47:01","slug":"uroczysty-jubileusz-wielkopolska-izba-budownictwa-obchodzi-30-lecie-istnienia-2","status":"publish","type":"news","link":"https:\/\/wpip.mda.pl\/en\/aktualnosci\/uroczysty-jubileusz-wielkopolska-izba-budownictwa-obchodzi-30-lecie-istnienia-2\/","title":{"rendered":"Uroczysty jubileusz. Wielkopolska Izba Budownictwa obchodzi 30-lecie istnienia!"},"content":{"rendered":"\n<section id=\"block_e6337be4a2a2338319b1cb1bbefb7ba8\" class=\"entry-text \">\n    <div class=\"entry-text__text typo-17\"><p>Wielkopolska Izba Budownictwa, kt\u00f3rej jeste\u015bmy dumnym cz\u0142onkiem, obchodzi jubileusz 30-lecia swojej dzia\u0142alno\u015bci. Z tej okazji odby\u0142a si\u0119 uroczysta gala. Uczestniczyli w niej przedstawiciele naszej firmy \u00ad\u2013 wiceprezes zarz\u0105du Janusz Signetzki oraz Czes\u0142aw Fligier, zast\u0119pca dyrektora dzia\u0142u budownictwa.<\/p>\n<\/div>\n<\/section>\n\n\n\n<p>Gala z okazji jubileuszu 30-lecia dzia\u0142alno\u015bci <a href=\"https:\/\/wib.com.pl\/\" target=\"_blank\" rel=\"noopener\">Wielkopolskiej Izby Budownictwa<\/a> odby\u0142a si\u0119 30 wrze\u015bnia na terenie Mi\u0119dzynarodowych Targ\u00f3w Pozna\u0144skich. Podczas uroczysto\u015bci uhonorowani odznaczeniami pa\u0144stwowymi zostali zas\u0142u\u017ceni cz\u0142onkowie WIB. Ponadto wr\u0119czono odznaki bran\u017cowe i regionalne oraz honorowe Wielkopolskiej Izby Budownictwa.<\/p>\n<p>W gali uczestniczyli przedstawiciele naszej firmy \u2013 wiceprezes zarz\u0105du Janusz Signetzki, pe\u0142ni\u0105cy tak\u017ce funkcj\u0119 cz\u0142onka komisji rewizyjnej WIB oraz Czes\u0142aw Fligier, zast\u0119pca dyrektora dzia\u0142u budownictwa, kt\u00f3ry odebra\u0142 nadan\u0105 przez ministra rozwoju i technologii honorow\u0105 odznak\u0119 \u201eZa zas\u0142ugi dla budownictwa\u201d. Gratulujemy!<\/p>\n<p>Jubileuszowe obchody Wielkopolskiej Izby Budownictwa zosta\u0142y obj\u0119te honorowym patronatem Prezydenta Rzeczypospolitej Polskiej Andrzeja Dudy.<\/p>\n<p>Wielkopolska Izba Budownictwa, kt\u00f3rej cz\u0142onkiem jest nasza firma, to organizacja samorz\u0105du gospodarczego reprezentuj\u0105ca interesy przedsi\u0119biorstw budownictwa Wielkopolski i s\u0105siednich region\u00f3w. Skupia na zasadach dobrowolno\u015bci wszelkie podmioty gospodarcze zajmuj\u0105ce si\u0119 budownictwem, us\u0142ugami budowlanymi, produkcj\u0105 i obrotem materia\u0142ami budowlanymi, sp\u00f3\u0142dzielnie mieszkaniowe oraz zawodowych inwestor\u00f3w.<\/p>\n<p>Fot. Wielkopolska Izba Budownictwa<\/p>","protected":false},"excerpt":{"rendered":"<p>Gala z okazji jubileuszu 30-lecia dzia\u0142alno\u015bci Wielkopolskiej Izby Budownictwa odby\u0142a si\u0119 30 wrze\u015bnia na terenie Mi\u0119dzynarodowych Targ\u00f3w Pozna\u0144skich. Podczas uroczysto\u015bci uhonorowani odznaczeniami pa\u0144stwowymi zostali zas\u0142u\u017ceni cz\u0142onkowie WIB. Ponadto wr\u0119czono odznaki bran\u017cowe i regionalne oraz honorowe Wielkopolskiej Izby Budownictwa. W gali uczestniczyli przedstawiciele naszej firmy \u2013 wiceprezes zarz\u0105du Janusz Signetzki, pe\u0142ni\u0105cy tak\u017ce funkcj\u0119 cz\u0142onka komisji rewizyjnej [&hellip;]<\/p>\n","protected":false},"featured_media":3146,"parent":0,"template":"","news_types":[31],"acf":[],"_links":{"self":[{"href":"https:\/\/wpip.mda.pl\/en\/wp-json\/wp\/v2\/news\/3485"}],"collection":[{"href":"https:\/\/wpip.mda.pl\/en\/wp-json\/wp\/v2\/news"}],"about":[{"href":"https:\/\/wpip.mda.pl\/en\/wp-json\/wp\/v2\/types\/news"}],"wp:featuredmedia":[{"embeddable":true,"href":"https:\/\/wpip.mda.pl\/en\/wp-json\/wp\/v2\/media\/3146"}],"wp:attachment":[{"href":"https:\/\/wpip.mda.pl\/en\/wp-json\/wp\/v2\/media?parent=3485"}],"wp:term":[{"taxonomy":"news_types","embeddable":true,"href":"https:\/\/wpip.mda.pl\/en\/wp-json\/wp\/v2\/news_types?post=3485"}],"curies":[{"name":"wp","href":"https:\/\/api.w.org\/{rel}","templated":true}]}}