{"id":3474,"date":"2021-04-19T07:04:28","date_gmt":"2021-04-19T07:04:28","guid":{"rendered":"https:\/\/wpip.mda.pl\/artykul\/trzeci-raz-budujemy-dla-polish-assembly-centre-w-sremie\/"},"modified":"2021-04-19T07:04:28","modified_gmt":"2021-04-19T07:04:28","slug":"trzeci-raz-budujemy-dla-polish-assembly-centre-w-sremie","status":"publish","type":"news","link":"https:\/\/wpip.mda.pl\/en\/aktualnosci\/trzeci-raz-budujemy-dla-polish-assembly-centre-w-sremie\/","title":{"rendered":"Trzeci raz budujemy dla Polish Assembly Centre w \u015aremie"},"content":{"rendered":"\n<section id=\"block_5b6f8a4d4ca9e377bdc156342de7b83e\" class=\"entry-text \">\n    <div class=\"entry-text__text typo-17\"><p>Sp\u00f3\u0142ka Polish Assembly Centre, b\u0119d\u0105ca cz\u0119\u015bci\u0105 holenderskiej Grupy B&amp;C International, po raz drugi powi\u0119ksza swoj\u0105 siedzib\u0119 w \u015aremie. Projektowanie i generalne wykonawstwo inwestycji firma ponownie powierzy\u0142a WPIP Prace budowlane ruszaj\u0105 w maju 2021 r. <\/p>\n<\/div>\n<\/section>\n\n\n\n<p>Powierzchnia produkcyjno-magazynowa zak\u0142adu wytwarzaj\u0105cego rolety materia\u0142owe zwi\u0119kszy si\u0119 o\u00a0<strong>3500 m kw.<\/strong>, a powierzchnie biurowe o <strong>820 m kw.<\/strong> W 2011 i 2013 roku WPIP w dw\u00f3ch etapach realizowa\u0142o inwestycj\u0119 w \u015aremie, a teraz rozbudujemy ca\u0142y obiekt do \u0142\u0105cznej powierzchni <strong>16 500 m kw.<\/strong> (w tym cz\u0119\u015b\u0107 biurowa &#8211; 1500 m kw.). Rozpocz\u0119cie prac na placu budowy planowane jest w pierwszych dniach maja, a nowe powierzchnie maj\u0105 by\u0107 oddane do u\u017cytkowania do ko\u0144ca 2021 roku.<\/p>\n<p>\u2013 <em>Decyzja o rozbudowie obiektu podyktowana jest dynamicznym rozwojem, a co za tym idzie zwi\u0119kszonymi potrzebami produkcyjnymi i magazynowymi firmy PAC Sp. z o.o., dzia\u0142aj\u0105cej w Polsce od ponad 10 lat.<\/em> <em>Rozbudowa hali produkcyjnej, a tak\u017ce podwojenie powierzchni biurowca pozwoli na stworzenie nowych miejsc pracy i dalsze rozwijanie dzia\u0142alno\u015bci <\/em>\u2013 m\u00f3wi <strong>Kasper Vencken, Pe\u0142nomocnik Inwestora<\/strong>. \u2013 <em>Generalnym wykonawc\u0105 inwestycji po raz kolejny zosta\u0142o WPIP, kt\u00f3re\u00a0od pocz\u0105tku zapewnia nam najwy\u017cszy poziom doradztwa i obs\u0142ugi oraz spe\u0142nia nasze oczekiwania odno\u015bnie jako\u015bci<\/em> \u2013 dodaje.<\/p>\n<p>W ramach kontraktu w formule \u201eProjektuj i buduj\u201d jako generalny wykonawca przygotowujemy kompletny projekt budowlany i wykonawczy oraz zrealizujemy prace budowlane wraz z rozbudow\u0105 sieci instalacyjnych i zagospodarowaniem terenu zewn\u0119trznego. Hala produkcyjna i magazyn powstan\u0105 w konstrukcji stalowej z obudow\u0105 z p\u0142yt warstwowych, a pomieszczenia biurowe w technologii tradycyjnej monolitycznej. W cz\u0119\u015bci produkcyjnej hali zastosowane zostan\u0105 przeszklenia fasadowe od poziomu posadzki, kt\u00f3re pozwol\u0105 na lepsze do\u015bwietlenie wn\u0119trza \u015bwiat\u0142em dziennym oraz zapewni\u0105 wi\u0119kszy komfort pracy pracownik\u00f3w.<\/p>\n<p>\u2013 <em>Ciesz\u0119 si\u0119, \u017ce firma Polish Assembly Centre wci\u0105\u017c si\u0119 rozwija i kolejny raz mo\u017cemy uruchomi\u0107 budow\u0119 na jej terenie w \u015aremie. Du\u017cym wyzwaniem jest prowadzenie prac budowlano-monta\u017cowych tak, by\u00a0nie utrudnia\u0107 bie\u017c\u0105cego funkcjonowania firmy. Jest to mo\u017cliwe dzi\u0119ki precyzyjnemu planowaniu wszystkich dzia\u0142a\u0144 i\u00a0zachowaniu du\u017cego re\u017cimu BHP<\/em> \u2013 m\u00f3wi <strong>Pawe\u0142 Przybylski, Dyrektor ds. Klient\u00f3w Kluczowych WPIP<\/strong> \u2013 <em>To ju\u017c nasza trzecia wsp\u00f3lna realizacja i\u00a0dobrze znany nam obiekt, jednak wnikliwe przeanalizowanie obecnych potrzeb inwestora oraz przygotowanie koncepcji r\u00f3\u017cnych wariant\u00f3w rozbudowy trwa\u0142o klika miesi\u0119cy \u2013 <\/em>podsumowuje przedstawiciel generalnego wykonawcy.<\/p>\n<h5>Wizualizacja zak\u0142adu produkcyjnego Polish Assembly Centre Sp. z o.o. w \u015aremie po rozbudowie realizowanej w 2021 r.<\/h5>\n<p><img decoding=\"async\" loading=\"lazy\" class=\"alignnone wp-image-5084 size-large\" src=\"https:\/\/wpip.mda.pl\/app\/uploads\/2024\/03\/WPIP-PAC-14-zmn-1024x576.jpg\" alt=\"\" width=\"1024\" height=\"576\" \/><\/p>\n<p><strong>Polish Assembly Centre Sp. z o.o.<\/strong> jest cz\u0119\u015bci\u0105 holenderskiej Grupy B&amp;C International, nale\u017c\u0105cej do ameryka\u0144skiej grupy SPRINGS Window Fashions z siedzib\u0105 w Middleton, Wisconsin. Zajmuje si\u0119 produkcj\u0105 dekoracji tekstylnych \u2013 rolet okiennych o wymiarach standardowych do dystrybucji hurtowej oraz realizacj\u0105 wysokiej jako\u015bci rolet na wymiar, na specjalne zam\u00f3wienia. Produkty wytwarzane w zak\u0142adzie produkcyjnym \u015aremie dystrybuowane s\u0105 w ca\u0142ej Europie.<\/p>","protected":false},"excerpt":{"rendered":"<p>Powierzchnia produkcyjno-magazynowa zak\u0142adu wytwarzaj\u0105cego rolety materia\u0142owe zwi\u0119kszy si\u0119 o\u00a03500 m kw., a powierzchnie biurowe o 820 m kw. W 2011 i 2013 roku WPIP w dw\u00f3ch etapach realizowa\u0142o inwestycj\u0119 w \u015aremie, a teraz rozbudujemy ca\u0142y obiekt do \u0142\u0105cznej powierzchni 16 500 m kw. (w tym cz\u0119\u015b\u0107 biurowa &#8211; 1500 m kw.). Rozpocz\u0119cie prac na placu [&hellip;]<\/p>\n","protected":false},"featured_media":3137,"parent":0,"template":"","news_types":[31],"acf":[],"_links":{"self":[{"href":"https:\/\/wpip.mda.pl\/en\/wp-json\/wp\/v2\/news\/3474"}],"collection":[{"href":"https:\/\/wpip.mda.pl\/en\/wp-json\/wp\/v2\/news"}],"about":[{"href":"https:\/\/wpip.mda.pl\/en\/wp-json\/wp\/v2\/types\/news"}],"wp:featuredmedia":[{"embeddable":true,"href":"https:\/\/wpip.mda.pl\/en\/wp-json\/wp\/v2\/media\/3137"}],"wp:attachment":[{"href":"https:\/\/wpip.mda.pl\/en\/wp-json\/wp\/v2\/media?parent=3474"}],"wp:term":[{"taxonomy":"news_types","embeddable":true,"href":"https:\/\/wpip.mda.pl\/en\/wp-json\/wp\/v2\/news_types?post=3474"}],"curies":[{"name":"wp","href":"https:\/\/api.w.org\/{rel}","templated":true}]}}