{"id":3448,"date":"2022-04-12T08:04:43","date_gmt":"2022-04-12T08:04:43","guid":{"rendered":"https:\/\/wpip.mda.pl\/artykul\/ruszyla-budowa-glp-poznan-airport-logistics-centre\/"},"modified":"2024-03-19T07:42:02","modified_gmt":"2024-03-19T07:42:02","slug":"ruszyla-budowa-glp-poznan-airport-logistics-centre","status":"publish","type":"news","link":"https:\/\/wpip.mda.pl\/en\/aktualnosci\/ruszyla-budowa-glp-poznan-airport-logistics-centre\/","title":{"rendered":"Ruszy\u0142a budowa GLP Pozna\u0144 Airport Logistics Centre"},"content":{"rendered":"\n<section id=\"block_70fe9ad30966d690922e9f69a46a1745\" class=\"entry-text \">\n    <div class=\"entry-text__text typo-17\"><p>Jako generalny wykonawca rozpocz\u0119li\u015bmy realizacj\u0119 trzeciego etapu rozbudowy parku logistycznego GLP Pozna\u0144 Airport Logistics Centre w Wysogotowie. Najnowszy budynek GLP b\u0119dzie oferowa\u0142 ponad 28 600 m kw. powierzchni magazynowo-produkcyjnej oraz biurowej. Obiekt zostanie oddany do u\u017cytkowania jesieni\u0105.<\/p>\n<\/div>\n<\/section>\n\n\n\n<p>Centrum logistyczne GLP po\u0142o\u017cone jest 5 minut od pozna\u0144skiego lotniska \u0141awica i w pobli\u017cu w\u0119z\u0142a z S11. Obecnie oferuje powierzchnie w dw\u00f3ch halach magazynowych. W marcu 2022 r. ruszy\u0142a budowa trzeciego obiektu o powierzchni <strong>28 600 m kw<\/strong>., kt\u00f3rego generalnym wykonawc\u0105 jest WPIP. Budynek umo\u017cliwi najemcom sk\u0142adowanie do wysoko\u015bci 12 metr\u00f3w.<br \/>\nNowoczesna hala powstaje zgodnie z wymogami certyfikacji ekologicznej <strong>BREEAM na poziomie \u201eVery Good\u201d<\/strong>. Dzi\u0119ki ponadstandardowej liczbie \u015bwietlik\u00f3w dachowych b\u0119dzie wi\u0119ksze do\u015bwietlenie strefy przydokowej, co podniesie komfort pracownik\u00f3w. Konstrukcja dachu przygotowana b\u0119dzie do monta\u017cu instalacji fotowoltaicznej, kt\u00f3ra podniesie efektywno\u015b\u0107 energetyczn\u0105 i przyniesie oszcz\u0119dno\u015b\u0107 medi\u00f3w. W\u015br\u00f3d proekologicznych rozwi\u0105za\u0144 s\u0105 tak\u017ce stacje \u0142adowania aut elektrycznych, a tak\u017ce wiaty parkingowe dla rower\u00f3w.<br \/>\nGLP, wiod\u0105cy inwestor i deweloper nieruchomo\u015bci logistycznych, planuje zrealizowa\u0107 w 2022 roku w Polsce projekty o \u0142\u0105cznej powierzchni oko\u0142o <strong>240 tys. m kw.<\/strong><\/p>\n<p>&nbsp;<\/p>\n<p>GLP jest wiod\u0105c\u0105 globaln\u0105 firm\u0105 zarz\u0105dzaj\u0105c\u0105 inwestycjami i buduj\u0105c\u0105 biznes w zakresie logistyki, nieruchomo\u015bci, infrastruktury, finans\u00f3w i powi\u0105zanych z nimi technologii. W Polsce zrealizowa\u0142a do tej pory lub obecnie zarz\u0105dza nieruchomo\u015bciami o \u0142\u0105cznej powierzchni &gt;1 mln mkw. zlokalizowanymi obok kluczowych w\u0119z\u0142\u00f3w transportowych i du\u017cych miast: Warszawy, Wroc\u0142awia, Poznania, Gda\u0144ska, \u0141odzi czy aglomeracji g\u00f3rno\u015bl\u0105skiej. Z budynk\u00f3w tych korzystaj\u0105 firmy m.in. z bran\u017cy e-commerce, FMCG, 3PL oraz motoryzacyjnej, dla kt\u00f3rych powstaj\u0105 rozwi\u0105zania spe\u0142niaj\u0105ce najwy\u017csze standardy funkcjonalne, techniczne i ekologiczne.<\/p>","protected":false},"excerpt":{"rendered":"<p>Centrum logistyczne GLP po\u0142o\u017cone jest 5 minut od pozna\u0144skiego lotniska \u0141awica i w pobli\u017cu w\u0119z\u0142a z S11. Obecnie oferuje powierzchnie w dw\u00f3ch halach magazynowych. W marcu 2022 r. ruszy\u0142a budowa trzeciego obiektu o powierzchni 28 600 m kw., kt\u00f3rego generalnym wykonawc\u0105 jest WPIP. Budynek umo\u017cliwi najemcom sk\u0142adowanie do wysoko\u015bci 12 metr\u00f3w. Nowoczesna hala powstaje zgodnie [&hellip;]<\/p>\n","protected":false},"featured_media":3101,"parent":0,"template":"","news_types":[31],"acf":[],"_links":{"self":[{"href":"https:\/\/wpip.mda.pl\/en\/wp-json\/wp\/v2\/news\/3448"}],"collection":[{"href":"https:\/\/wpip.mda.pl\/en\/wp-json\/wp\/v2\/news"}],"about":[{"href":"https:\/\/wpip.mda.pl\/en\/wp-json\/wp\/v2\/types\/news"}],"wp:featuredmedia":[{"embeddable":true,"href":"https:\/\/wpip.mda.pl\/en\/wp-json\/wp\/v2\/media\/3101"}],"wp:attachment":[{"href":"https:\/\/wpip.mda.pl\/en\/wp-json\/wp\/v2\/media?parent=3448"}],"wp:term":[{"taxonomy":"news_types","embeddable":true,"href":"https:\/\/wpip.mda.pl\/en\/wp-json\/wp\/v2\/news_types?post=3448"}],"curies":[{"name":"wp","href":"https:\/\/api.w.org\/{rel}","templated":true}]}}