{"id":3435,"date":"2023-06-13T07:42:33","date_gmt":"2023-06-13T07:42:33","guid":{"rendered":"https:\/\/wpip.mda.pl\/artykul\/rozbudowa-zakladu-produkcyjnego-kohl-group-polska-zakonczona\/"},"modified":"2024-03-19T07:41:44","modified_gmt":"2024-03-19T07:41:44","slug":"rozbudowa-zakladu-produkcyjnego-kohl-group-polska-zakonczona","status":"publish","type":"news","link":"https:\/\/wpip.mda.pl\/en\/aktualnosci\/rozbudowa-zakladu-produkcyjnego-kohl-group-polska-zakonczona\/","title":{"rendered":"Rozbudowa zak\u0142adu produkcyjnego Kohl Group Polska zako\u0144czona"},"content":{"rendered":"\n<section id=\"block_f569076527dca5e541a32ab71f9fdd88\" class=\"entry-text \">\n    <div class=\"entry-text__text typo-17\"><p>W S\u0142ubicach zako\u0144czy\u0142a si\u0119 rozbudowa zak\u0142adu sp\u00f3\u0142ki Kohl Group Polska. W ramach inwestycji powsta\u0142a hala produkcyjna oraz budynek socjalno-biurowy o \u0142\u0105cznej powierzchni prawie 5 tys. m kw.\u00a0<\/p>\n<\/div>\n<\/section>\n\n\n\n<p>Dzi\u0119ki rozbudowie kompleks nale\u017c\u0105cy do sp\u00f3\u0142ki Kohl Group Polska, b\u0119d\u0105cej cz\u0119\u015bci\u0105 niemieckiej <a href=\"https:\/\/www.kohl-gruppe-ag.de\/pl\/\" target=\"_blank\" rel=\"noopener\">Grupy Kohl<\/a>, specjalizuj\u0105cej si\u0119 w produkcji cz\u0119\u015bci t\u0142oczonych i z\u0142o\u017conych zespo\u0142\u00f3w spawanych ze stali czarnej, nierdzewnej i aluminium, powi\u0119kszy\u0142 si\u0119 do ponad 9 tys. m kw. Jest on zlokalizowany w S\u0142ubicach przy ul. Osiedle Przemys\u0142owe.<\/p>\n<p><img decoding=\"async\" loading=\"lazy\" class=\"alignnone size-full wp-image-8004\" src=\"https:\/\/wpip.mda.pl\/app\/uploads\/sites\/2\/2024\/03\/Zaklad-produkcyjny-Kohl-Group-Polska-scaled.jpg\" alt=\"Zak\u0142ad produkcyjny Kohl Group Polska\" width=\"2560\" height=\"1716\" \/><\/p>\n<p>Inwestycj\u0119 realizowa\u0142a nasza firma. Do zada\u0144 WPIP nale\u017ca\u0142a budowa hali produkcyjnej o powierzchni ponad 4 tys. m kw., kt\u00f3ra zosta\u0142a po\u0142\u0105czona z ju\u017c istniej\u0105c\u0105 oraz dwukondygnacyjnego obiektu socjalno-biurowego (ok. 840 m kw.). W ramach kontraktu powsta\u0142y tak\u017ce drogi wewn\u0119trzne, place manewrowe, miejsca postojowe dla samochod\u00f3w osobowych, a tak\u017ce podziemny zbiornik retencyjno-przeciwpo\u017carowy o pojemno\u015bci 250 m sze\u015bc.<\/p>\n<p><em>\u2013 To ju\u017c kolejna zako\u0144czona przez nas w tym roku inwestycja, kt\u00f3r\u0105 prowadzili\u015bmy w wojew\u00f3dztwie lubuskim \u2013<\/em> <strong>m\u00f3wi Janusz Signetzki, wiceprezes zarz\u0105du WPIP<\/strong>. <em>\u2013 Realizuj\u0105c kontrakt dla Kohl Group Polska, korzystali\u015bmy z bogatego do\u015bwiadczenia w realizowaniu zak\u0142ad\u00f3w produkcyjnych, tak\u017ce w tym regionie. Cieszymy si\u0119, \u017ce mogli\u015bmy uczestniczy\u0107 w rozbudowie kompleksu, b\u0119d\u0105cej kolejnym potwierdzeniem, \u017ce nasz partner znajduje si\u0119 na \u015bcie\u017cce dynamicznego rozwoju. <\/em><\/p>","protected":false},"excerpt":{"rendered":"<p>Dzi\u0119ki rozbudowie kompleks nale\u017c\u0105cy do sp\u00f3\u0142ki Kohl Group Polska, b\u0119d\u0105cej cz\u0119\u015bci\u0105 niemieckiej Grupy Kohl, specjalizuj\u0105cej si\u0119 w produkcji cz\u0119\u015bci t\u0142oczonych i z\u0142o\u017conych zespo\u0142\u00f3w spawanych ze stali czarnej, nierdzewnej i aluminium, powi\u0119kszy\u0142 si\u0119 do ponad 9 tys. m kw. Jest on zlokalizowany w S\u0142ubicach przy ul. Osiedle Przemys\u0142owe. Inwestycj\u0119 realizowa\u0142a nasza firma. Do zada\u0144 WPIP nale\u017ca\u0142a [&hellip;]<\/p>\n","protected":false},"featured_media":3080,"parent":0,"template":"","news_types":[31],"acf":[],"_links":{"self":[{"href":"https:\/\/wpip.mda.pl\/en\/wp-json\/wp\/v2\/news\/3435"}],"collection":[{"href":"https:\/\/wpip.mda.pl\/en\/wp-json\/wp\/v2\/news"}],"about":[{"href":"https:\/\/wpip.mda.pl\/en\/wp-json\/wp\/v2\/types\/news"}],"wp:featuredmedia":[{"embeddable":true,"href":"https:\/\/wpip.mda.pl\/en\/wp-json\/wp\/v2\/media\/3080"}],"wp:attachment":[{"href":"https:\/\/wpip.mda.pl\/en\/wp-json\/wp\/v2\/media?parent=3435"}],"wp:term":[{"taxonomy":"news_types","embeddable":true,"href":"https:\/\/wpip.mda.pl\/en\/wp-json\/wp\/v2\/news_types?post=3435"}],"curies":[{"name":"wp","href":"https:\/\/api.w.org\/{rel}","templated":true}]}}