{"id":3431,"date":"2022-10-13T14:05:14","date_gmt":"2022-10-13T14:05:14","guid":{"rendered":"https:\/\/wpip.mda.pl\/artykul\/polski-lider-branzy-robotyki-bedzie-mial-nowa-siedzibe\/"},"modified":"2024-03-19T07:41:16","modified_gmt":"2024-03-19T07:41:16","slug":"polski-lider-branzy-robotyki-bedzie-mial-nowa-siedzibe","status":"publish","type":"news","link":"https:\/\/wpip.mda.pl\/en\/aktualnosci\/polski-lider-branzy-robotyki-bedzie-mial-nowa-siedzibe\/","title":{"rendered":"Polski lider bran\u017cy robotyki b\u0119dzie mia\u0142 now\u0105 siedzib\u0119"},"content":{"rendered":"\n<section id=\"block_31f4b78648a9b78511f22d624d836be9\" class=\"entry-text \">\n    <div class=\"entry-text__text typo-17\"><p>W Nowej Soli odby\u0142o si\u0119 uroczyste wmurowanie aktu erekcyjnego pod budow\u0119 nowoczesnej siedziby firmy MPLAB Prototypes, lidera bran\u017cy robotyki w Polsce. W pierwszym kwartale przysz\u0142ego roku oddane do u\u017cytku zostan\u0105 hala produkcyjna oraz biurowiec o \u0142\u0105cznej powierzchni 1,8 tys. m kw. Jeste\u015bmy generalnym wykonawc\u0105 oraz projektantem inwestycji.<\/p>\n<\/div>\n<\/section>\n\n\n\n<p>Inwestycja sk\u0142ada\u0107 si\u0119 b\u0119dzie z dw\u00f3ch dwukondygnacyjnych obiekt\u00f3w o \u0142\u0105cznej powierzchni oko\u0142o 1,8 tys. m kw. Pierwszy z nich to hala us\u0142ugowo-produkcyjna. Tam odbywa\u0107 si\u0119 b\u0119dzie monta\u017c maszyn i linii produkcyjnych. Drugi \u2013 budynek biurowy, miejsce pracy in\u017cynierskiego z dost\u0119pem dla os\u00f3b z niepe\u0142nosprawno\u015bci\u0105. Oddanie do u\u017cytku obiekt\u00f3w planowane jest na I kwarta\u0142 przysz\u0142ego roku. Niewykluczone, \u017ce kompleks zostanie w przysz\u0142o\u015bci rozbudowany. Nasza firma odpowiada za projekt oraz generalne wykonawstwo obiekt\u00f3w.<\/p>\n<p>Firma MPLAB Prototypes jest liderem bran\u017cy robotyki w Polsce. To jeden z niewielu w Polsce integrator\u00f3w robot\u00f3w przemys\u0142owych KUKA. W nowej siedzibie MPLAB Prototypes powstawa\u0107 b\u0119d\u0105 zrobotyzowane stanowiska produkcyjne, linie technologiczne i maszyny specjalne.<\/p>\n<p><strong>Uroczyste wmurowanie akt erekcyjnego<\/strong><\/p>\n<p>Kompleks powstaje w Nowej Soli przy ul. In\u017cynierskiej 8. To w\u0142a\u015bnie tam 12 pa\u017adziernika odby\u0142o si\u0119 uroczyste wmurowanie aktu erekcyjnego.<\/p>\n<p><em>\u2013 Od wielu lat budujemy obiekty w specjalnej strefie ekonomicznej\u00a0 w Nowej Soli<\/em> \u2013 <strong>m\u00f3wi Janusz Signetzki, wiceprezes zarz\u0105du firmy WPIP<\/strong> \u2013 <em>Cieszymy si\u0119 z kolejnej inwestycji w tym regionie. To potwierdza, \u017ce partnerskie relacje i najwy\u017csza jako\u015b\u0107 s\u0105 nasz\u0105 mocn\u0105 stron\u0105. Warto doda\u0107, \u017ce sukces w pozyskaniu zagranicznego inwestora jest r\u00f3wnie\u017c sukcesem w\u0142adz Nowej Soli, z kt\u00f3rymi nasza wsp\u00f3\u0142praca od pocz\u0105tku przebiega wzorcowo.<\/em><\/p>\n<p>Budowa siedziby MPLAB Prototypes\u00a0 jest kolejn\u0105 nasz\u0105 inwestycj\u0105 realizowan\u0105 w Nowej Soli. Cztery zosta\u0142y ju\u017c oddane do u\u017cytku, w przypadku kolejnej, czyli hali widowiskowo-sportowej, stanie si\u0119 to ju\u017c niebawem.<\/p>\n<p><strong>Gospodarcza wizyt\u00f3wka Nowej Soli<\/strong><\/p>\n<p>\u2013 <em>Jeste\u015bmy dumni z obiekt\u00f3w, kt\u00f3re tu powstaj\u0105<\/em> \u2013 <strong>dodaje przedstawiciel inwestora Kasper Vencken, prezes zarz\u0105du polsko-holenderskiej sp\u00f3\u0142ki WPIP-BP Properties, zajmuj\u0105cej si\u0119 realizacj\u0105 inwestycji przemys\u0142owych na wynajem.<\/strong> \u2013 <em>B\u0119dzie on \u015bwietnie s\u0142u\u017cy\u0142 kadrze in\u017cynierskiej w projektowaniu i wdra\u017caniu zrobotyzowanych stanowisk produkcyjnych i linii technologicznych. Mamy nadziej\u0119, \u017ce b\u0119dzie to r\u00f3wnie\u017c wizyt\u00f3wka Nowej Soli, a tak\u017ce jedno z nowocze\u015bniejszych miejsc w Europie.<\/em><\/p>\n<p>Z kolei <strong>Jacek Milewski, prezydent Nowej Soli<\/strong> uwa\u017ca, \u017ce nowa inwestycja jest doskona\u0142ym przyk\u0142adem tego, jaka jest filozofia miasta.<\/p>\n<p><em>\u2013 \u017beby ono mog\u0142o si\u0119 rozwija\u0107, kluczowa jest gospodarka. Nowe miejsca pracy w sektorze robotyki s\u0105 istotnym czynnikiem przyci\u0105gaj\u0105cym wysokokwalifikowan\u0105 kadr\u0119 do pracy w regionie.<\/em><\/p>","protected":false},"excerpt":{"rendered":"<p>Inwestycja sk\u0142ada\u0107 si\u0119 b\u0119dzie z dw\u00f3ch dwukondygnacyjnych obiekt\u00f3w o \u0142\u0105cznej powierzchni oko\u0142o 1,8 tys. m kw. Pierwszy z nich to hala us\u0142ugowo-produkcyjna. Tam odbywa\u0107 si\u0119 b\u0119dzie monta\u017c maszyn i linii produkcyjnych. Drugi \u2013 budynek biurowy, miejsce pracy in\u017cynierskiego z dost\u0119pem dla os\u00f3b z niepe\u0142nosprawno\u015bci\u0105. Oddanie do u\u017cytku obiekt\u00f3w planowane jest na I kwarta\u0142 przysz\u0142ego roku. [&hellip;]<\/p>\n","protected":false},"featured_media":3068,"parent":0,"template":"","news_types":[31],"acf":[],"_links":{"self":[{"href":"https:\/\/wpip.mda.pl\/en\/wp-json\/wp\/v2\/news\/3431"}],"collection":[{"href":"https:\/\/wpip.mda.pl\/en\/wp-json\/wp\/v2\/news"}],"about":[{"href":"https:\/\/wpip.mda.pl\/en\/wp-json\/wp\/v2\/types\/news"}],"wp:featuredmedia":[{"embeddable":true,"href":"https:\/\/wpip.mda.pl\/en\/wp-json\/wp\/v2\/media\/3068"}],"wp:attachment":[{"href":"https:\/\/wpip.mda.pl\/en\/wp-json\/wp\/v2\/media?parent=3431"}],"wp:term":[{"taxonomy":"news_types","embeddable":true,"href":"https:\/\/wpip.mda.pl\/en\/wp-json\/wp\/v2\/news_types?post=3431"}],"curies":[{"name":"wp","href":"https:\/\/api.w.org\/{rel}","templated":true}]}}