{"id":3426,"date":"2023-01-02T07:45:02","date_gmt":"2023-01-02T07:45:02","guid":{"rendered":"https:\/\/wpip.mda.pl\/artykul\/podsumowanie-2022-r-w-branzy-magazynowej-magazynowanie-i-dystrybucja\/"},"modified":"2023-01-02T07:45:02","modified_gmt":"2023-01-02T07:45:02","slug":"podsumowanie-2022-r-w-branzy-magazynowej-magazynowanie-i-dystrybucja","status":"publish","type":"news","link":"https:\/\/wpip.mda.pl\/en\/aktualnosci\/podsumowanie-2022-r-w-branzy-magazynowej-magazynowanie-i-dystrybucja\/","title":{"rendered":"Podsumowanie 2022 r. w bran\u017cy magazynowej &#8211; \u201eMagazynowanie i Dystrybucja&#8221;"},"content":{"rendered":"\n<section id=\"block_0ea8cd411db7726fd51fcd5c5fc8e44f\" class=\"entry-text \">\n    <div class=\"entry-text__text typo-17\"><p>Na \u0142amach listopadowo-grudniowego numeru dwumiesi\u0119cznika \u201eMagazynowanie i Dystrybucja\u201d ukaza\u0142y si\u0119 dwa teksty z komentarzami ekspert\u00f3w WPIP.<\/p>\n<\/div>\n<\/section>\n\n\n\n<p><em>\u201eMotorem wzrostu jest rosn\u0105cy rynek e-commerce oraz skracanie \u0142a\u0144cucha dostaw, widoczne ju\u017c od wybuchu pandemii koronawirusa\u201d<\/em> \u2013<strong> ocenia w tek\u015bcie \u201eGry wojenne&#8221; wiceprezes zarz\u0105du WPIP Janusz Signetzki.<\/strong><\/p>\n<p><img decoding=\"async\" loading=\"lazy\" class=\"alignnone size-full wp-image-7477\" src=\"https:\/\/wpip.mda.pl\/app\/uploads\/2024\/03\/gry-wojenne.jpg\" alt=\"listopadowo-grudniowy numer \u201eMagazynowania i Dystrybucji\u201d\" width=\"2560\" height=\"1920\" \/><\/p>\n<p>Opr\u00f3cz tekstu na temat tego, co wydarzy\u0142o si\u0119 na rynku w 2022 r. oraz prognoz na nadchodz\u0105cy, w \u201eMagazynowaniu i Dystrybucji\u201d ukaza\u0142 si\u0119 artyku\u0142 \u201eEkopozytywny&#8221; o rozwi\u0105zaniach proekologicznych w bran\u017cy nieruchomo\u015bci magazynowych. Chodzi m.in. o fotowoltaik\u0119, magazyny energii, pompy ciep\u0142a oraz systemy zarz\u0105dzania budynkiem. <strong>Szczeg\u00f3\u0142owo opowiada o tym Adam Zamelczyk, kierownik wsparcia sprzeda\u017cy WPIP.<\/strong><\/p>\n<p><img decoding=\"async\" loading=\"lazy\" class=\"alignnone wp-image-7478 size-full\" src=\"https:\/\/wpip.mda.pl\/app\/uploads\/2024\/03\/eko1.jpg\" alt=\"listopadowo-grudniowy numer \u201eMagazynowania i Dystrybucji\u201d\" width=\"2560\" height=\"1920\" \/><\/p>","protected":false},"excerpt":{"rendered":"<p>\u201eMotorem wzrostu jest rosn\u0105cy rynek e-commerce oraz skracanie \u0142a\u0144cucha dostaw, widoczne ju\u017c od wybuchu pandemii koronawirusa\u201d \u2013 ocenia w tek\u015bcie \u201eGry wojenne&#8221; wiceprezes zarz\u0105du WPIP Janusz Signetzki. Opr\u00f3cz tekstu na temat tego, co wydarzy\u0142o si\u0119 na rynku w 2022 r. oraz prognoz na nadchodz\u0105cy, w \u201eMagazynowaniu i Dystrybucji\u201d ukaza\u0142 si\u0119 artyku\u0142 \u201eEkopozytywny&#8221; o rozwi\u0105zaniach proekologicznych [&hellip;]<\/p>\n","protected":false},"featured_media":3065,"parent":0,"template":"","news_types":[32],"acf":[],"_links":{"self":[{"href":"https:\/\/wpip.mda.pl\/en\/wp-json\/wp\/v2\/news\/3426"}],"collection":[{"href":"https:\/\/wpip.mda.pl\/en\/wp-json\/wp\/v2\/news"}],"about":[{"href":"https:\/\/wpip.mda.pl\/en\/wp-json\/wp\/v2\/types\/news"}],"wp:featuredmedia":[{"embeddable":true,"href":"https:\/\/wpip.mda.pl\/en\/wp-json\/wp\/v2\/media\/3065"}],"wp:attachment":[{"href":"https:\/\/wpip.mda.pl\/en\/wp-json\/wp\/v2\/media?parent=3426"}],"wp:term":[{"taxonomy":"news_types","embeddable":true,"href":"https:\/\/wpip.mda.pl\/en\/wp-json\/wp\/v2\/news_types?post=3426"}],"curies":[{"name":"wp","href":"https:\/\/api.w.org\/{rel}","templated":true}]}}