{"id":3415,"date":"2023-03-22T10:57:41","date_gmt":"2023-03-22T10:57:41","guid":{"rendered":"https:\/\/wpip.mda.pl\/artykul\/park-logistyczny-rsp-dabrowka-powiekszyl-sie-o-kolejny-obiekt\/"},"modified":"2023-03-22T10:57:41","modified_gmt":"2023-03-22T10:57:41","slug":"park-logistyczny-rsp-dabrowka-powiekszyl-sie-o-kolejny-obiekt","status":"publish","type":"news","link":"https:\/\/wpip.mda.pl\/en\/aktualnosci\/park-logistyczny-rsp-dabrowka-powiekszyl-sie-o-kolejny-obiekt\/","title":{"rendered":"Park logistyczny RSP D\u0105br\u00f3wka powi\u0119kszy\u0142 si\u0119 o kolejny obiekt"},"content":{"rendered":"\n<section id=\"block_366a44300fa34edaabd4c6a310feed1b\" class=\"entry-text \">\n    <div class=\"entry-text__text typo-17\"><p>Zako\u0144czyli\u015bmy prace zwi\u0105zane z rozbudow\u0105 parku logistycznego nale\u017c\u0105cego do RSP D\u0105br\u00f3wka, w ramach kt\u00f3rej powsta\u0142a hala magazynowo-produkcyjna oraz biurowiec. Najemc\u0105 wi\u0119kszej cz\u0119\u015bci powierzchni zosta\u0142 Dimark, pozosta\u0142a b\u0119dzie u\u017cytkowana przez firm\u0119 SAPALA.<\/p>\n<\/div>\n<\/section>\n\n\n\n<p>Park logistyczny nale\u017c\u0105cy do <a href=\"https:\/\/rspdabrowka.pl\/\" target=\"_blank\" rel=\"noopener\">Rolniczej Sp\u00f3\u0142dzielni Produkcyjnej D\u0105br\u00f3wk<\/a>a jest zlokalizowany przy ul. Polnej, na zach\u00f3d od Poznania, w pobli\u017cu drogi ekspresowej S11, zaledwie 7 km od w\u0119z\u0142a z autostrad\u0105 A2. W ramach rozbudowy kompleksu powsta\u0142a czteromodu\u0142owa hala magazynowo-produkcyjna o powierzchni 5,7 tys. m kw. oraz dwukondygnacyjny biurowiec (520 m kw.). Obiekt jest przygotowany pod monta\u017c instalacji fotowoltaicznej. Za projekt i generalne wykonawstwo odpowiedzialna by\u0142a nasza firma.<\/p>\n<p>\u2013 <em>To koniec kolejnego etapu prac zwi\u0105zanych z powstaniem i rozbudow\u0105 parku logistycznego w D\u0105br\u00f3wce, kt\u00f3re trwaj\u0105 od 2015 r<\/em>. \u2013 <strong>m\u00f3wi wiceprezes zarz\u0105du WPIP Janusz Signetzki. <\/strong>\u2013 <em>Chcia\u0142bym podkre\u015bli\u0107, \u017ce przez ten czas nasze relacje z inwestorem uk\u0142adaj\u0105 si\u0119 doskonale, dzi\u0119ki czemu mo\u017cemy obserwowa\u0107 jak kompleks stale ro\u015bnie, zyskuj\u0105c kolejnych najemc\u00f3w.<\/em><\/p>\n<p><em>\u2013 D\u0142ugofalowa wsp\u00f3\u0142praca mi\u0119dzy WPIP i RSP D\u0105br\u00f3wka zaowocowa\u0142a rozwojem kompleksu logistycznego. Realizowali\u015bmy go od pocz\u0105tku, a teraz powierzchnia wynosi ju\u017c prawie 20 tys. m kw. <\/em>\u2013<strong> dodaje Pawe\u0142 Przybylski, dyrektor ds. klient\u00f3w kluczowych w WPIP. <\/strong><em>\u2013 <\/em><em>Jest to doskona\u0142y przyk\u0142ad jako\u015bciowego partnerstwa<\/em> <em>daj\u0105cego konkretne i widoczne rezultaty.<\/em><\/p>\n<p>\u2013 <em>Inwestycja zrealizowana przez WPIP w formule \u201ezaprojektuj-wybuduj\u201d po raz kolejny potwierdza, \u017ce renomowany generalny wykonawca z Poznania wywi\u0105zuje si\u0119 z powierzonych obowi\u0105zk\u00f3w wzorowo<\/em> \u2013 <strong>ocenia Marek Palacz, prezes RSP D\u0105br\u00f3wka<\/strong>. \u2013 <em>Nowy obiekt zyska\u0142 ju\u017c firmy, kt\u00f3re zdecydowa\u0142y si\u0119 wynaj\u0105\u0107 ca\u0142\u0105 wybudowan\u0105 powierzchni\u0119. Dlatego planujemy jego rozbudow\u0119, posiadaj\u0105c potrzebne pozwolenia.\u00a0 <\/em><\/p>\n<p>Najemc\u0105 wi\u0119kszej cz\u0119\u015bci nowego obiektu zosta\u0142a firma <a href=\"https:\/\/dimark.eu\/\" target=\"_blank\" rel=\"noopener\">Dimark<\/a>, dostarczaj\u0105ca niezawodne, wysokiej jako\u015bci i innowacyjne systemy sortowania, kontroli, magazynowania baga\u017cy oraz przesy\u0142ek dla bran\u017cy lotniskowej, a tak\u017ce intralogistycznej, mniejsz\u0105 \u2013 firma <a href=\"https:\/\/truck.zaczepy24.pl\/\" target=\"_blank\" rel=\"noopener\">SAPALA<\/a>, kt\u00f3ra wynajmuje ju\u017c powierzchnie w kompleksie nale\u017c\u0105cym do RSP D\u0105br\u00f3wka.<\/p>\n<p><em>\u00a0\u2013 Dla Dimark to kolejny etap rozwoju zwi\u0105zany z dynamicznym wzrostem organizacji. Cieszymy si\u0119, \u017ce mo\u017cemy go dzieli\u0107 we wsp\u00f3\u0142pracy z takimi partnerami jak RSP D\u0105br\u00f3wka oraz WPIP <\/em>\u2013<strong> m\u00f3wi dyrektor operacyjny Dimark \u0141ukasz \u017buk<\/strong><em>. \u2013 Wiedz\u0105 i do\u015bwiadczeniem oraz indywidualnym podej\u015bciem wspieramy naszych klient\u00f3w od koncepcji po utrzymanie. <\/em><\/p>\n<p>Dzi\u0119ki rozbudowie powierzchnia parku logistycznego nale\u017c\u0105cego do RSP D\u0105br\u00f3wka powi\u0119kszy\u0142a si\u0119 do prawie 20 tys. m kw. Kompleks sk\u0142ada si\u0119 z czterech obiekt\u00f3w z powierzchniami magazynowo-przemys\u0142owymi i biurowymi. Ca\u0142o\u015b\u0107 zosta\u0142a zaprojektowana i wybudowana przez WPIP. Najemcami kompleksu s\u0105 m.in.: Gascontrol Polska, KELLER Poligrafia dla przemys\u0142u, Extrudan, ASTON BDN, Alupart, Koppert, HTR-Carrier Transicold, Iso Temp, Sky Tech, Souda oraz SAPALA.<\/p>\n<p><img decoding=\"async\" loading=\"lazy\" class=\"alignnone size-full wp-image-7806\" src=\"https:\/\/wpip.mda.pl\/app\/uploads\/2024\/03\/RSP-Dabrowka-park-logistyczny.jpg\" alt=\"Park logistyczny RSP D\u0105br\u00f3wka\" width=\"2102\" height=\"1201\" \/><\/p>","protected":false},"excerpt":{"rendered":"<p>Park logistyczny nale\u017c\u0105cy do Rolniczej Sp\u00f3\u0142dzielni Produkcyjnej D\u0105br\u00f3wka jest zlokalizowany przy ul. Polnej, na zach\u00f3d od Poznania, w pobli\u017cu drogi ekspresowej S11, zaledwie 7 km od w\u0119z\u0142a z autostrad\u0105 A2. W ramach rozbudowy kompleksu powsta\u0142a czteromodu\u0142owa hala magazynowo-produkcyjna o powierzchni 5,7 tys. m kw. oraz dwukondygnacyjny biurowiec (520 m kw.). Obiekt jest przygotowany pod monta\u017c [&hellip;]<\/p>\n","protected":false},"featured_media":3056,"parent":0,"template":"","news_types":[31],"acf":[],"_links":{"self":[{"href":"https:\/\/wpip.mda.pl\/en\/wp-json\/wp\/v2\/news\/3415"}],"collection":[{"href":"https:\/\/wpip.mda.pl\/en\/wp-json\/wp\/v2\/news"}],"about":[{"href":"https:\/\/wpip.mda.pl\/en\/wp-json\/wp\/v2\/types\/news"}],"wp:featuredmedia":[{"embeddable":true,"href":"https:\/\/wpip.mda.pl\/en\/wp-json\/wp\/v2\/media\/3056"}],"wp:attachment":[{"href":"https:\/\/wpip.mda.pl\/en\/wp-json\/wp\/v2\/media?parent=3415"}],"wp:term":[{"taxonomy":"news_types","embeddable":true,"href":"https:\/\/wpip.mda.pl\/en\/wp-json\/wp\/v2\/news_types?post=3415"}],"curies":[{"name":"wp","href":"https:\/\/api.w.org\/{rel}","templated":true}]}}