{"id":3395,"date":"2023-03-29T09:38:55","date_gmt":"2023-03-29T09:38:55","guid":{"rendered":"https:\/\/wpip.mda.pl\/artykul\/nowe-powierzchnie-magazynowe-powstaja-na-terenie-poprzemyslowym\/"},"modified":"2023-03-29T09:38:55","modified_gmt":"2023-03-29T09:38:55","slug":"nowe-powierzchnie-magazynowe-powstaja-na-terenie-poprzemyslowym","status":"publish","type":"news","link":"https:\/\/wpip.mda.pl\/en\/aktualnosci\/nowe-powierzchnie-magazynowe-powstaja-na-terenie-poprzemyslowym\/","title":{"rendered":"Nowe powierzchnie magazynowe powstaj\u0105 na terenie poprzemys\u0142owym"},"content":{"rendered":"\n<section id=\"block_6e00db9544de2d12c7f744fca5b78780\" class=\"entry-text \">\n    <div class=\"entry-text__text typo-17\"><p>W podwroc\u0142awskich \u0179r\u00f3d\u0142ach trwa budowa pierwszego z trzech modu\u0142\u00f3w hali magazynowej, realizowanej przez nasz\u0105 firm\u0119. Inwestor, firma Hal-Mag, zdecydowa\u0142 si\u0119 na rekultywacj\u0119 terenu poprzemys\u0142owego, gdzie funkcjonowa\u0142a kiedy\u015b kopalnia gliny.<\/p>\n<\/div>\n<\/section>\n\n\n\n<p>Obiekt powstaje w zlokalizowanych na zach\u00f3d od Wroc\u0142awia \u0179r\u00f3d\u0142ach (powiat \u015bredzki, gmina Mi\u0119kinia), przy drodze krajowej nr 94. B\u0119dzie si\u0119 sk\u0142ada\u0142 z jednokondygnacyjnej hali magazynowej z zapleczem socjalno-biurowym, podzielonej na trzy modu\u0142y \u2013 ka\u017cdy o powierzchni 2,4 tys. m kw. Inwestor, czyli firma Hal-Mag, zdecydowa\u0142 si\u0119 przeznaczy\u0107 powierzchnie na wynajem.<\/p>\n<p>Budowa pierwszego z modu\u0142\u00f3w ju\u017c trwa. Za projekt i generalne wykonawstwo odpowiada pozna\u0144ska firma WPIP. W ramach inwestycji powstanie tak\u017ce wewn\u0119trzna infrastruktura drogowa, w tym drogi, place manewrowe oraz miejsca parkingowe, a tak\u017ce zbiorniki: przeciwpo\u017carowy oraz retencyjny.<\/p>\n<p><em>\u2013 Inwestycja, kt\u00f3r\u0105 realizujemy, jest kolejnym potwierdzeniem tego, \u017ce Dolny \u015al\u0105sk, jeden z najwi\u0119kszych rynk\u00f3w magazynowych w Polsce, ca\u0142y czas w tym kontek\u015bcie dynamicznie si\u0119 rozwija \u2013 <\/em><strong>uwa\u017ca Janusz Signetzki, wiceprezes zarz\u0105du WPIP. <\/strong>\u2013<em> Najwi\u0119ksza cz\u0119\u015b\u0107 powierzchni powstaje w\u0142a\u015bnie we Wroc\u0142awiu i jego bliskich okolicach. Jest to oczywi\u015bcie zwi\u0105zane z kryterium lokalizacyjnym, wp\u0142ywaj\u0105cym na mo\u017cliwo\u015b\u0107 pozyskania potencjalnych pracownik\u00f3w.<\/em><\/p>\n<p><em>\u00a0<\/em><em>\u2013 Posiadaj\u0105c wieloletnie do\u015bwiadczenie w projektowaniu oraz budowaniu powierzchni magazynowych, doceniamy, \u017ce inwestor postanowi\u0142 skorzysta\u0107 z naszej fachowej wiedzy i umiej\u0119tno\u015bci \u2013 <\/em><strong>m\u00f3wi Anna Bober, dyrektor ds. klient\u00f3w kluczowych w WPIP.<\/strong><\/p>\n<p><em>\u00a0<\/em><em>\u2013 Lokalizacja inwestycji na terenie dawnego urobiska pokopalnianego stanowi\u0142a techniczno-infrastrukturalne wyzwanie, niemniej jednak potwierdzi\u0142a, \u017ce przywr\u00f3cenie \u015bwietno\u015bci terenowi poprzemys\u0142owemu i nadanie mu nowego znaczenia gospodarczego jest mo\u017cliwe \u2013 <\/em><strong>ocenia Tomasz Kroczak, cz\u0142onek zarz\u0105du Hal-Mag. <\/strong><em>\u2013 Co wi\u0119cej, po\u017c\u0105dane w kontek\u015bcie zr\u00f3wnowa\u017conego rozwoju oraz ochrony i zachowania zasob\u00f3w \u015brodowiska naturalnego przed jego niepotrzebnym uszczupleniem, przy maj\u0105cym obecnie miejsce intensywnym rozwoju gospodarczym i dynamicznym pozyskiwaniu teren\u00f3w pod nowe inwestycje. Staramy si\u0119, aby realizowane przez nas inwestycje spe\u0142nia\u0142y nie tylko cele ekonomiczno-gospodarcze, ale poprzez m.in. takie czynniki jak lokalizacja, czy zastosowane rozwi\u0105zania technologiczne, by\u0142y energooszcz\u0119dne i przyjazne \u015brodowisku.\u00a0\u00a0 <\/em><\/p>\n<p><em>\u00a0<\/em>Inwestycja powstaje na terenie poprzemys\u0142owym, dlatego inwestor zdecydowa\u0142 si\u0119 na jego rekultywacj\u0119. Wcze\u015bniej w tym miejscu funkcjonowa\u0142a odkrywkowa kopalnia gliny. Ponadto dzia\u0142ka zosta\u0142a obj\u0119ta ochron\u0105 konserwatora zabytk\u00f3w ze wzgl\u0119du na to, \u017ce teren by\u0142 cz\u0119\u015bci\u0105 pola bitwy pod Lutyni\u0105.<\/p>\n<p><img decoding=\"async\" loading=\"lazy\" class=\"alignnone size-full wp-image-7835\" src=\"https:\/\/wpip.mda.pl\/app\/uploads\/2024\/03\/hala-magazynowa-w-podwroclawskich-Zrodlach.jpg\" alt=\"hala magazynowa w podwroc\u0142awskich \u0179r\u00f3d\u0142ach\" width=\"1536\" height=\"864\" \/><\/p>","protected":false},"excerpt":{"rendered":"<p>Obiekt powstaje w zlokalizowanych na zach\u00f3d od Wroc\u0142awia \u0179r\u00f3d\u0142ach (powiat \u015bredzki, gmina Mi\u0119kinia), przy drodze krajowej nr 94. B\u0119dzie si\u0119 sk\u0142ada\u0142 z jednokondygnacyjnej hali magazynowej z zapleczem socjalno-biurowym, podzielonej na trzy modu\u0142y \u2013 ka\u017cdy o powierzchni 2,4 tys. m kw. Inwestor, czyli firma Hal-Mag, zdecydowa\u0142 si\u0119 przeznaczy\u0107 powierzchnie na wynajem. Budowa pierwszego z modu\u0142\u00f3w ju\u017c [&hellip;]<\/p>\n","protected":false},"featured_media":3038,"parent":0,"template":"","news_types":[31],"acf":[],"_links":{"self":[{"href":"https:\/\/wpip.mda.pl\/en\/wp-json\/wp\/v2\/news\/3395"}],"collection":[{"href":"https:\/\/wpip.mda.pl\/en\/wp-json\/wp\/v2\/news"}],"about":[{"href":"https:\/\/wpip.mda.pl\/en\/wp-json\/wp\/v2\/types\/news"}],"wp:featuredmedia":[{"embeddable":true,"href":"https:\/\/wpip.mda.pl\/en\/wp-json\/wp\/v2\/media\/3038"}],"wp:attachment":[{"href":"https:\/\/wpip.mda.pl\/en\/wp-json\/wp\/v2\/media?parent=3395"}],"wp:term":[{"taxonomy":"news_types","embeddable":true,"href":"https:\/\/wpip.mda.pl\/en\/wp-json\/wp\/v2\/news_types?post=3395"}],"curies":[{"name":"wp","href":"https:\/\/api.w.org\/{rel}","templated":true}]}}