{"id":3389,"date":"2021-10-01T10:01:08","date_gmt":"2021-10-01T10:01:08","guid":{"rendered":"https:\/\/wpip.mda.pl\/artykul\/nortec-buduje-zaklad-produkcyjny-z-wpip\/"},"modified":"2021-10-01T10:01:08","modified_gmt":"2021-10-01T10:01:08","slug":"nortec-buduje-zaklad-produkcyjny-z-wpip","status":"publish","type":"news","link":"https:\/\/wpip.mda.pl\/en\/aktualnosci\/nortec-buduje-zaklad-produkcyjny-z-wpip\/","title":{"rendered":"Nortec buduje zak\u0142ad produkcyjny z WPIP"},"content":{"rendered":"\n<section id=\"block_f85a7ac0eda8531d44195ca6dfb5bcd4\" class=\"entry-text \">\n    <div class=\"entry-text__text typo-17\"><p>Producent maszyn i urz\u0105dze\u0144 dla przemys\u0142u farmaceutycznego \u2013 firma Nortec rozpocz\u0119\u0142a budow\u0119 nowego obiektu w \u0141ubnej pod Piasecznem. Obiekt produkcyjny b\u0119dzie mia\u0142 \u0142\u0105cznie ponad 3000 m kw. powierzchni u\u017cytkowej. Projektantem i generalnym wykonawc\u0105 inwestycji jest WPIP\u00a0<\/p>\n<\/div>\n<\/section>\n\n\n\n<p>Prace budowlane zwi\u0105zane z powstaniem nowej siedziby firmy Nortec z Piaseczna ruszy\u0142y z pocz\u0105tkiem sierpnia. W ramach inwestycji WPIP realizuje nowoczesn\u0105 hal\u0119 produkcyjn\u0105 o powierzchni u\u017cytkowej <strong>2500 m kw.<\/strong>, z pomieszczeniami biurowo-socjalnymi o powierzchni <strong>550 m kw.<\/strong> oraz niezb\u0119dn\u0105 infrastruktur\u0119 zewn\u0119trzn\u0105. Cz\u0119\u015b\u0107 produkcyjna powstanie w oparciu o konstrukcj\u0119 betonow\u0105 prefabrykowan\u0105, fasada cz\u0119\u015bci biurowej zostanie wykonana z p\u0142yt w\u0142\u00f3kno-cementowych w systemie elewacji wentylowanej.<\/p>\n<p>\u2013 <em>Bran\u017ca farmaceutyczna, dla kt\u00f3rej g\u0142\u00f3wnie produkujemy nasze maszyny, ci\u0105gle si\u0119 rozwija i wci\u0105\u017c ro\u015bnie zapotrzebowanie na wyspecjalizowany sprz\u0119t wysokiej jako\u015bci przeznaczony do produkcji lek\u00f3w. Zdobyli\u015bmy zaufanie wielu czo\u0142owych firm z tego sektora, kt\u00f3re doceni\u0142y nasz wysoki poziom precyzji i wykonania urz\u0105dze\u0144, co pozwoli\u0142o nam na podj\u0119cie decyzji, by zwi\u0119kszy\u0107 powierzchni\u0119 produkcyjn\u0105 i wybudowa\u0107 now\u0105 fabryk\u0119. Zale\u017cy nam na sprawnym przeprowadzeniu inwestycji, dzi\u0119ki kt\u00f3rej b\u0119dziemy mogli si\u0119 dalej rozwija\u0107<\/em> \u2013 powiedzia\u0142 <strong>Pawe\u0142 Chrzanowski, wsp\u00f3\u0142w\u0142a\u015bciciel firmy Nortec<\/strong>.<\/p>\n<p>Za koncepcj\u0119, projekty architektoniczne i budowlane odpowiada Pracowania Projektowa WPIP<\/p>\n<p>Termin zako\u0144czenia budowy zaplanowany jest na koniec czerwca 2022 r.<\/p>\n<p><img decoding=\"async\" loading=\"lazy\" class=\"aligncenter wp-image-5745 size-full\" src=\"https:\/\/wpip.mda.pl\/app\/uploads\/2024\/03\/Nortec-wiz2.jpg\" alt=\"\" width=\"655\" height=\"369\" \/><\/p>\n<p><img decoding=\"async\" loading=\"lazy\" class=\"aligncenter wp-image-5757\" src=\"https:\/\/wpip.mda.pl\/app\/uploads\/2024\/03\/Nortec-wiz-WPIP-1600-1024x576.jpg\" alt=\"\" width=\"655\" height=\"368\" \/><\/p>\n<p><strong>NORTEC<\/strong>\u00a0 jest dynamicznie rozwijaj\u0105c\u0105 si\u0119 firm\u0105 in\u017cyniersk\u0105, kt\u00f3ra od kilkunastu lat odnosi sukcesy w projektowaniu indywidualnych rozwi\u0105za\u0144 dla przemys\u0142u, w szczeg\u00f3lno\u015bci dla lider\u00f3w bran\u017cy farmaceutycznej. Wytycza nowe kierunki w optymalizacji dzia\u0142ania urz\u0105dze\u0144, zapewniaj\u0105c wysoki komfort pracy i produktywno\u015b\u0107 w wymagaj\u0105cej produkcji lek\u00f3w. Jej rozwi\u0105zania sprawdzi\u0142y si\u0119 w wielu wiod\u0105cych koncernach i z powodzeniem wdra\u017cane s\u0105 w krajach Europy, Azji i obu Ameryk. Specjalizuje si\u0119 r\u00f3wnie\u017c w serwisowaniu i kalibracjach tabletkarek, urz\u0105dze\u0144 mieszaj\u0105cych oraz m\u0142ynk\u00f3w farmaceutycznych.<\/p>","protected":false},"excerpt":{"rendered":"<p>Prace budowlane zwi\u0105zane z powstaniem nowej siedziby firmy Nortec z Piaseczna ruszy\u0142y z pocz\u0105tkiem sierpnia. W ramach inwestycji WPIP realizuje nowoczesn\u0105 hal\u0119 produkcyjn\u0105 o powierzchni u\u017cytkowej 2500 m kw., z pomieszczeniami biurowo-socjalnymi o powierzchni 550 m kw. oraz niezb\u0119dn\u0105 infrastruktur\u0119 zewn\u0119trzn\u0105. Cz\u0119\u015b\u0107 produkcyjna powstanie w oparciu o konstrukcj\u0119 betonow\u0105 prefabrykowan\u0105, fasada cz\u0119\u015bci biurowej zostanie wykonana [&hellip;]<\/p>\n","protected":false},"featured_media":3032,"parent":0,"template":"","news_types":[31],"acf":[],"_links":{"self":[{"href":"https:\/\/wpip.mda.pl\/en\/wp-json\/wp\/v2\/news\/3389"}],"collection":[{"href":"https:\/\/wpip.mda.pl\/en\/wp-json\/wp\/v2\/news"}],"about":[{"href":"https:\/\/wpip.mda.pl\/en\/wp-json\/wp\/v2\/types\/news"}],"wp:featuredmedia":[{"embeddable":true,"href":"https:\/\/wpip.mda.pl\/en\/wp-json\/wp\/v2\/media\/3032"}],"wp:attachment":[{"href":"https:\/\/wpip.mda.pl\/en\/wp-json\/wp\/v2\/media?parent=3389"}],"wp:term":[{"taxonomy":"news_types","embeddable":true,"href":"https:\/\/wpip.mda.pl\/en\/wp-json\/wp\/v2\/news_types?post=3389"}],"curies":[{"name":"wp","href":"https:\/\/api.w.org\/{rel}","templated":true}]}}