{"id":3388,"date":"2023-09-10T12:54:55","date_gmt":"2023-09-10T12:54:55","guid":{"rendered":"https:\/\/wpip.mda.pl\/artykul\/jak-budowac-obiekty-przemyslowe-case-study-rozbudowy-zakladu-kohl-group-polska\/"},"modified":"2023-09-10T12:54:55","modified_gmt":"2023-09-10T12:54:55","slug":"jak-budowac-obiekty-przemyslowe-case-study-rozbudowy-zakladu-kohl-group-polska","status":"publish","type":"news","link":"https:\/\/wpip.mda.pl\/en\/aktualnosci\/jak-budowac-obiekty-przemyslowe-case-study-rozbudowy-zakladu-kohl-group-polska\/","title":{"rendered":"Jak budowa\u0107 obiekty przemys\u0142owe? Case study rozbudowy zak\u0142adu Kohl Group Polska"},"content":{"rendered":"\n<section id=\"block_e6b09dc246400a5723a73f6f6cc3bb10\" class=\"entry-text \">\n    <div class=\"entry-text__text typo-17\"><p>Jaka jest specyfika realizacji budynk\u00f3w produkcyjnych? O tym na \u0142amach wrze\u015bniowego numeru magazynu \u201eObiekty\u201d opowiadaj\u0105 Marcin Leciejewski, kierownik projektu i Piotr W\u0142odarczak, zast\u0119pca dyrektora dzia\u0142u realizacji.<\/p>\n<\/div>\n<\/section>\n\n\n\n<p>Realizacja projektu wykonawczego obiekt\u00f3w przemys\u0142owych od zawsze stanowi ogromne wyzwanie. Wydaje si\u0119 wi\u0119c, \u017ce rozbudowa istniej\u0105cego ju\u017c budynku staje si\u0119 jeszcze trudniejsza. Czy aby na pewno? Jaka jest specyfika realizacji budynk\u00f3w produkcyjnych? Na te oraz inne pytania na \u0142amach magazynu \u201eObiekty\u201d odpowiadaj\u0105 eksperci WPIP. G\u0142\u00f3wnym tematem rozmowy by\u0142a rozbudowa zak\u0142adu produkcyjnego Kohl Group Polska.<\/p>\n<p>Rozmow\u0119 mo\u017cna przeczyta\u0107, klikaj\u0105c w poni\u017cszy link:<\/p>\n<p><blockquote class=\"wp-embedded-content\" data-secret=\"RA9R8IJPwW\"><a href=\"https:\/\/obiekty.org\/articles\/dobudowac-fabryke\/\" target=\"_blank\" rel=\"noopener\">Dobudowa\u0107 fabryk\u0119<\/a><\/blockquote><iframe class=\"wp-embedded-content\" sandbox=\"allow-scripts\" security=\"restricted\" style=\"position: absolute; clip: rect(1px, 1px, 1px, 1px);\" title=\"&#8222;Dobudowa\u0107 fabryk\u0119&#8221; &#8212; Obiekty.org\" src=\"https:\/\/obiekty.org\/articles\/dobudowac-fabryke\/embed\/#?secret=LczhzskvYK#?secret=RA9R8IJPwW\" data-secret=\"RA9R8IJPwW\" width=\"500\" height=\"282\" frameborder=\"0\" marginwidth=\"0\" marginheight=\"0\" scrolling=\"no\"><\/iframe><\/p>\n<p><img decoding=\"async\" loading=\"lazy\" class=\"size-full wp-image-8207 aligncenter\" src=\"https:\/\/wpip.mda.pl\/app\/uploads\/2024\/03\/fabryka2.jpg\" alt=\"wywiad w magazynie &quot;Obiekty&quot;\" width=\"447\" height=\"394\" \/><\/p>\n<p>&nbsp;<\/p>\n<p>&nbsp;<\/p>","protected":false},"excerpt":{"rendered":"<p>Realizacja projektu wykonawczego obiekt\u00f3w przemys\u0142owych od zawsze stanowi ogromne wyzwanie. Wydaje si\u0119 wi\u0119c, \u017ce rozbudowa istniej\u0105cego ju\u017c budynku staje si\u0119 jeszcze trudniejsza. Czy aby na pewno? Jaka jest specyfika realizacji budynk\u00f3w produkcyjnych? Na te oraz inne pytania na \u0142amach magazynu \u201eObiekty\u201d odpowiadaj\u0105 eksperci WPIP. G\u0142\u00f3wnym tematem rozmowy by\u0142a rozbudowa zak\u0142adu produkcyjnego Kohl Group Polska. Rozmow\u0119 [&hellip;]<\/p>\n","protected":false},"featured_media":3080,"parent":0,"template":"","news_types":[32],"acf":[],"_links":{"self":[{"href":"https:\/\/wpip.mda.pl\/en\/wp-json\/wp\/v2\/news\/3388"}],"collection":[{"href":"https:\/\/wpip.mda.pl\/en\/wp-json\/wp\/v2\/news"}],"about":[{"href":"https:\/\/wpip.mda.pl\/en\/wp-json\/wp\/v2\/types\/news"}],"wp:featuredmedia":[{"embeddable":true,"href":"https:\/\/wpip.mda.pl\/en\/wp-json\/wp\/v2\/media\/3080"}],"wp:attachment":[{"href":"https:\/\/wpip.mda.pl\/en\/wp-json\/wp\/v2\/media?parent=3388"}],"wp:term":[{"taxonomy":"news_types","embeddable":true,"href":"https:\/\/wpip.mda.pl\/en\/wp-json\/wp\/v2\/news_types?post=3388"}],"curies":[{"name":"wp","href":"https:\/\/api.w.org\/{rel}","templated":true}]}}