{"id":3381,"date":"2022-02-04T13:05:52","date_gmt":"2022-02-04T13:05:52","guid":{"rendered":"https:\/\/wpip.mda.pl\/artykul\/instalacja-fotowoltaiczna-w-mlp-poznan-west\/"},"modified":"2022-02-04T13:05:52","modified_gmt":"2022-02-04T13:05:52","slug":"instalacja-fotowoltaiczna-w-mlp-poznan-west","status":"publish","type":"news","link":"https:\/\/wpip.mda.pl\/en\/aktualnosci\/instalacja-fotowoltaiczna-w-mlp-poznan-west\/","title":{"rendered":"Instalacja fotowoltaiczna w MLP Pozna\u0144 West"},"content":{"rendered":"\n<section id=\"block_b9d894f5d920f777775eef10a055ede3\" class=\"entry-text \">\n    <div class=\"entry-text__text typo-17\"><p>instalacja fotowoltaiczna o mocy 482,08 kW. <\/p>\n<\/div>\n<\/section>\n\n\n\n<p>Park logistyczny MLP Pozna\u0144 West w D\u0105br\u00f3wce zasilany b\u0119dzie zielon\u0105 energi\u0105 OZE, kt\u00f3r\u0105 wyprodukuje 31 stycznia 2022 r. zako\u0144czyli\u015bmy monta\u017c <strong>1072 modu\u0142\u00f3w fotowoltaicznych<\/strong> na dachu hali magazynowej, kt\u00f3ra jest technologicznie zaawansowan\u0105 mro\u017ani\u0105. Panele s\u0105 umiejscowione w kierunku wsch\u00f3d-zach\u00f3d.\u00a0Mimo trudnych warunk\u00f3w zimowych realizacja odby\u0142a si\u0119 terminowo i niebawem ekologiczna energia b\u0119dzie zasila\u0142a park logistyczny naszego Klienta.<\/p>\n<p>Powierzchnia obiektu, na kt\u00f3rym zamontowana zosta\u0142a instalacja PV wynosi 8500 m kw. Jest on wyposa\u017cony w szereg nowoczesnych system\u00f3w, kt\u00f3re optymalizuj\u0105 prac\u0119 magazynu z funkcj\u0105 mro\u017ani. Zainstalowali\u015bmy tu wiele element\u00f3w ograniczaj\u0105cych zu\u017cycie energii m.in. inteligentne sterowanie o\u015bwietleniem, energooszcz\u0119dne systemy HVAC oraz systemy monitorowania medi\u00f3w. Budynek uzyska\u0142 certyfikat BREEAM na poziomie Very Good.<\/p>\n<p><strong><a href=\"https:\/\/wpip.pl\/fotowoltaika\/\" target=\"_blank\" rel=\"noopener\">Zobacz<\/a> jak realizujemy fotowoltaik\u0119 na halach magazynowych i przemys\u0142owych.<\/strong><\/p>\n<p><img decoding=\"async\" loading=\"lazy\" class=\"aligncenter wp-image-6766 size-full\" src=\"https:\/\/wpip.mda.pl\/app\/uploads\/2024\/03\/mlp_wpip_solarkaZMN2.jpg\" alt=\"panele fotowoltaiczne na p\u0142askim dachu\" width=\"1000\" height=\"378\" \/><\/p>\n<p><img decoding=\"async\" loading=\"lazy\" class=\"aligncenter wp-image-6764 size-large\" src=\"https:\/\/wpip.mda.pl\/app\/uploads\/2024\/03\/DJI_0335-1024x767.jpg\" alt=\"Instalacja fotowoltaiczna na dachu hali \" width=\"1024\" height=\"767\" \/><\/p>\n<p>&nbsp;<\/p>\n<p>&nbsp;<\/p>","protected":false},"excerpt":{"rendered":"<p>Park logistyczny MLP Pozna\u0144 West w D\u0105br\u00f3wce zasilany b\u0119dzie zielon\u0105 energi\u0105 OZE, kt\u00f3r\u0105 wyprodukuje 31 stycznia 2022 r. zako\u0144czyli\u015bmy monta\u017c 1072 modu\u0142\u00f3w fotowoltaicznych na dachu hali magazynowej, kt\u00f3ra jest technologicznie zaawansowan\u0105 mro\u017ani\u0105. Panele s\u0105 umiejscowione w kierunku wsch\u00f3d-zach\u00f3d.\u00a0Mimo trudnych warunk\u00f3w zimowych realizacja odby\u0142a si\u0119 terminowo i niebawem ekologiczna energia b\u0119dzie zasila\u0142a park logistyczny naszego Klienta. [&hellip;]<\/p>\n","protected":false},"featured_media":2959,"parent":0,"template":"","news_types":[31],"acf":[],"_links":{"self":[{"href":"https:\/\/wpip.mda.pl\/en\/wp-json\/wp\/v2\/news\/3381"}],"collection":[{"href":"https:\/\/wpip.mda.pl\/en\/wp-json\/wp\/v2\/news"}],"about":[{"href":"https:\/\/wpip.mda.pl\/en\/wp-json\/wp\/v2\/types\/news"}],"wp:featuredmedia":[{"embeddable":true,"href":"https:\/\/wpip.mda.pl\/en\/wp-json\/wp\/v2\/media\/2959"}],"wp:attachment":[{"href":"https:\/\/wpip.mda.pl\/en\/wp-json\/wp\/v2\/media?parent=3381"}],"wp:term":[{"taxonomy":"news_types","embeddable":true,"href":"https:\/\/wpip.mda.pl\/en\/wp-json\/wp\/v2\/news_types?post=3381"}],"curies":[{"name":"wp","href":"https:\/\/api.w.org\/{rel}","templated":true}]}}