{"id":3380,"date":"2023-05-10T12:24:41","date_gmt":"2023-05-10T12:24:41","guid":{"rendered":"https:\/\/wpip.mda.pl\/artykul\/nieruchomosci-logistyczne-sa-szansa-dla-rozwoju-mniejszych-miejscowosci-komentarz-adama-zamelczyka-w-top-logistyku\/"},"modified":"2023-05-10T12:24:41","modified_gmt":"2023-05-10T12:24:41","slug":"nieruchomosci-logistyczne-sa-szansa-dla-rozwoju-mniejszych-miejscowosci-komentarz-adama-zamelczyka-w-top-logistyku","status":"publish","type":"news","link":"https:\/\/wpip.mda.pl\/en\/aktualnosci\/nieruchomosci-logistyczne-sa-szansa-dla-rozwoju-mniejszych-miejscowosci-komentarz-adama-zamelczyka-w-top-logistyku\/","title":{"rendered":"Nieruchomo\u015bci logistyczne s\u0105 szans\u0105 dla rozwoju mniejszych miejscowo\u015bci \u2013 komentarz Adama Zamelczyka w \u201eTop Logistyku\u201d"},"content":{"rendered":"\n<section id=\"block_279ba5a59b24a6e9c3a4ec7ac7da7eff\" class=\"entry-text \">\n    <div class=\"entry-text__text typo-17\"><p>Na \u0142amach kwietniowo-majowego wydania pisma \u201eTop Logistyk\u201d ukaza\u0142 si\u0119 komentarz Adama Zamelczyka, zast\u0119pcy dyrektora sprzeda\u017cy WPIP.<\/p>\n<\/div>\n<\/section>\n\n\n\n<p><em>\u2013 Coraz wi\u0119ksza liczba inwestycji logistycznych w mniej popularnych do tej pory miejscach powstaje przy g\u0142\u00f3wnych szlakach komunikacyjnych, w pobli\u017cu autostrad i dr\u00f3g ekspresowych. Doskonale wida\u0107 to cho\u0107by w zachodniej cz\u0119\u015bci kraju. Mo\u017cna wymieni\u0107 np. takie miejscowo\u015bci jak Zielona G\u00f3ra, Gorz\u00f3w Wielkopolski czy Nowa S\u00f3l <\/em><strong>\u2013 wypowiada si\u0119 w tek\u015bcie \u201ePoza \u015bwiatem\u201d Adam Zamelczyk, zast\u0119pca dyrektora sprzeda\u017cy WPIP.<\/strong><\/p>\n<p><img decoding=\"async\" loading=\"lazy\" class=\"size-full wp-image-8054 aligncenter\" src=\"https:\/\/wpip.mda.pl\/app\/uploads\/2024\/03\/poza.jpg\" alt=\"&quot;Top Logistyk&quot;\" width=\"512\" height=\"674\" \/><\/p>","protected":false},"excerpt":{"rendered":"<p>\u2013 Coraz wi\u0119ksza liczba inwestycji logistycznych w mniej popularnych do tej pory miejscach powstaje przy g\u0142\u00f3wnych szlakach komunikacyjnych, w pobli\u017cu autostrad i dr\u00f3g ekspresowych. Doskonale wida\u0107 to cho\u0107by w zachodniej cz\u0119\u015bci kraju. Mo\u017cna wymieni\u0107 np. takie miejscowo\u015bci jak Zielona G\u00f3ra, Gorz\u00f3w Wielkopolski czy Nowa S\u00f3l \u2013 wypowiada si\u0119 w tek\u015bcie \u201ePoza \u015bwiatem\u201d Adam Zamelczyk, zast\u0119pca [&hellip;]<\/p>\n","protected":false},"featured_media":3029,"parent":0,"template":"","news_types":[32],"acf":[],"_links":{"self":[{"href":"https:\/\/wpip.mda.pl\/en\/wp-json\/wp\/v2\/news\/3380"}],"collection":[{"href":"https:\/\/wpip.mda.pl\/en\/wp-json\/wp\/v2\/news"}],"about":[{"href":"https:\/\/wpip.mda.pl\/en\/wp-json\/wp\/v2\/types\/news"}],"wp:featuredmedia":[{"embeddable":true,"href":"https:\/\/wpip.mda.pl\/en\/wp-json\/wp\/v2\/media\/3029"}],"wp:attachment":[{"href":"https:\/\/wpip.mda.pl\/en\/wp-json\/wp\/v2\/media?parent=3380"}],"wp:term":[{"taxonomy":"news_types","embeddable":true,"href":"https:\/\/wpip.mda.pl\/en\/wp-json\/wp\/v2\/news_types?post=3380"}],"curies":[{"name":"wp","href":"https:\/\/api.w.org\/{rel}","templated":true}]}}