{"id":3374,"date":"2023-06-30T07:06:32","date_gmt":"2023-06-30T07:06:32","guid":{"rendered":"https:\/\/wpip.mda.pl\/artykul\/mplab-prototypes-z-nowa-siedziba\/"},"modified":"2023-06-30T07:06:32","modified_gmt":"2023-06-30T07:06:32","slug":"mplab-prototypes-z-nowa-siedziba","status":"publish","type":"news","link":"https:\/\/wpip.mda.pl\/en\/aktualnosci\/mplab-prototypes-z-nowa-siedziba\/","title":{"rendered":"MPLAB Prototypes z now\u0105 siedzib\u0105"},"content":{"rendered":"\n<section id=\"block_8c18af1ba2e6686c5bf0a21a8a169953\" class=\"entry-text \">\n    <div class=\"entry-text__text typo-17\"><p>Zako\u0144czyli\u015bmy prace zwi\u0105zane z budow\u0105 w Nowej Soli hali us\u0142ugowo-produkcyjnej oraz biurowca o \u0142\u0105cznej powierzchni 1,8 tys. m kw. Inwestorem kompleksu jest sp\u00f3\u0142ka WPIP-BP Properties, a u\u017cytkownikiem \u2013 firma MPLAB Prototypes, lider bran\u017cy robotyki w Polsce.<\/p>\n<\/div>\n<\/section>\n\n\n\n<p>Kompleks, zlokalizowany przy ul. In\u017cynierskiej 8 w Nowej Soli, sk\u0142ada si\u0119 z dw\u00f3ch dwukondygnacyjnych obiekt\u00f3w o \u0142\u0105cznej powierzchni ok. 1,8 tys. m kw. Pierwszy z nich to nowoczesna hala us\u0142ugowo-produkcyjna, drugi \u2013 budynek biurowy przystosowany dla os\u00f3b z niepe\u0142nosprawno\u015bciami, kt\u00f3ry jest siedzib\u0105 zespo\u0142u in\u017cynier\u00f3w <a href=\"https:\/\/mplab.com.pl\/\" target=\"_blank\" rel=\"noopener\">MPLAB Prototypes<\/a>. Rol\u0119 projektanta oraz generalnego wykonawcy kompleksu pe\u0142ni\u0142o WPIP.<\/p>\n<p><img decoding=\"async\" loading=\"lazy\" class=\"alignnone size-full wp-image-8015\" src=\"https:\/\/wpip.mda.pl\/app\/uploads\/2024\/03\/Siedziba-MPLAB-Prototypes.png\" alt=\"Siedziba MPLAB Prototypes\" width=\"1054\" height=\"789\" \/><\/p>\n<p>\u2013 <em>To ju\u017c druga zako\u0144czona przez nas w tym roku inwestycja w Nowej Soli, cho\u0107 o zupe\u0142nie innym charakterze ni\u017c oddana do u\u017cytku hala widowiskowo-sportowa<\/em> \u2013 <strong>komentuje Janusz Signetzki, wiceprezes zarz\u0105du WPIP<\/strong>. \u2013 <em>\u015awiadczy to o tym, \u017ce WPIP, posiadaj\u0105c bogate do\u015bwiadczenie oraz wysokie kompetencje, z powodzeniem realizuje r\u00f3\u017cnorodne projekty.<\/em><\/p>\n<p>\u2013 <em>Jestem przekonany, \u017ce ten dobrze zaprojektowany, funkcjonalny i szyty na miar\u0119 obiekt, w kt\u00f3rym powstaj\u0105 ju\u017c zrobotyzowane stanowiska produkcyjne, linie technologiczne i maszyny specjalne, b\u0119dzie dobrze s\u0142u\u017cy\u0142 najemcy<\/em> \u2013 <strong>m\u00f3wi Kasper Vencken, prezes zarz\u0105du WPIP-BP Properties, inwestora kompleksu.<\/strong><\/p>\n<p>\u2013 <em>Nowa siedziba MPLAB Prototypes to owoc doskona\u0142ej wsp\u00f3\u0142pracy z WPIP i istotny krok w naszym rozwoju<\/em> \u2013 <strong>uwa\u017ca Piotr Janica, prezes i w\u0142a\u015bciciel MPLAB Prototypes.<\/strong> \u2013 <em>Nie tylko zapewnia wi\u0119ksz\u0105 przestrze\u0144 monta\u017cowo-produkcyjn\u0105, lecz r\u00f3wnie\u017c pozytywnie wp\u0142ywa na rozw\u00f3j ca\u0142ego regionu Nowej Soli. Jest to rezultat naszego nieustannego wzrostu i niezwyk\u0142ej pasji do innowacji. Dzi\u0119ki nowemu centrum mo\u017cemy kontynuowa\u0107 nasz\u0105 misj\u0119 tworzenia zrobotyzowanych rozwi\u0105za\u0144, kt\u00f3re maj\u0105 potencja\u0142 zrewolucjonizowa\u0107 polski przemys\u0142. Z determinacj\u0105 i zapa\u0142em d\u0105\u017cymy do osi\u0105gni\u0119cia naszych cel\u00f3w! Ponadto nowa siedziba otwiera przed nami mo\u017cliwo\u015b\u0107 poszerzenia naszego zespo\u0142u o nowych pracownik\u00f3w. Jeste\u015bmy zadowoleni z perspektywy pracy z jeszcze wi\u0119ksz\u0105 MPLAB-ow\u0105 rodzin\u0105, kt\u00f3ra przyczyni si\u0119 do naszego dalszego sukcesu.<\/em><\/p>\n<p>&nbsp;<\/p>","protected":false},"excerpt":{"rendered":"<p>Kompleks, zlokalizowany przy ul. In\u017cynierskiej 8 w Nowej Soli, sk\u0142ada si\u0119 z dw\u00f3ch dwukondygnacyjnych obiekt\u00f3w o \u0142\u0105cznej powierzchni ok. 1,8 tys. m kw. Pierwszy z nich to nowoczesna hala us\u0142ugowo-produkcyjna, drugi \u2013 budynek biurowy przystosowany dla os\u00f3b z niepe\u0142nosprawno\u015bciami, kt\u00f3ry jest siedzib\u0105 zespo\u0142u in\u017cynier\u00f3w MPLAB Prototypes. Rol\u0119 projektanta oraz generalnego wykonawcy kompleksu pe\u0142ni\u0142o WPIP. \u2013 [&hellip;]<\/p>\n","protected":false},"featured_media":3019,"parent":0,"template":"","news_types":[31],"acf":[],"_links":{"self":[{"href":"https:\/\/wpip.mda.pl\/en\/wp-json\/wp\/v2\/news\/3374"}],"collection":[{"href":"https:\/\/wpip.mda.pl\/en\/wp-json\/wp\/v2\/news"}],"about":[{"href":"https:\/\/wpip.mda.pl\/en\/wp-json\/wp\/v2\/types\/news"}],"wp:featuredmedia":[{"embeddable":true,"href":"https:\/\/wpip.mda.pl\/en\/wp-json\/wp\/v2\/media\/3019"}],"wp:attachment":[{"href":"https:\/\/wpip.mda.pl\/en\/wp-json\/wp\/v2\/media?parent=3374"}],"wp:term":[{"taxonomy":"news_types","embeddable":true,"href":"https:\/\/wpip.mda.pl\/en\/wp-json\/wp\/v2\/news_types?post=3374"}],"curies":[{"name":"wp","href":"https:\/\/api.w.org\/{rel}","templated":true}]}}