{"id":3361,"date":"2022-06-21T10:37:12","date_gmt":"2022-06-21T10:37:12","guid":{"rendered":"https:\/\/wpip.mda.pl\/artykul\/lider-na-trudne-czasy-spotkanie-wielkopolsko-lubuskiej-lozy-business-centre-club-2\/"},"modified":"2024-03-19T07:35:13","modified_gmt":"2024-03-19T07:35:13","slug":"lider-na-trudne-czasy-spotkanie-wielkopolsko-lubuskiej-lozy-business-centre-club-2","status":"publish","type":"news","link":"https:\/\/wpip.mda.pl\/en\/aktualnosci\/lider-na-trudne-czasy-spotkanie-wielkopolsko-lubuskiej-lozy-business-centre-club-2\/","title":{"rendered":"Lider na trudne czasy \u2013 spotkanie Wielkopolsko \u2013 Lubuskiej Lo\u017cy\u00a0Business Centre Club"},"content":{"rendered":"\n<section id=\"block_b109b219313e4ff82debf84e56b85d3b\" class=\"entry-text \">\n    <div class=\"entry-text__text typo-17\"><p>Lider na trudne czasy \u2013 pod tym has\u0142em 10 czerwca br. odby\u0142o si\u0119 spotkanie Wielkopolsko \u2013 Lubuskiej Lo\u017cy Business Centre Club w siedzibie WPIP Smart Building Center w Jasinie.\u00a0<\/p>\n<\/div>\n<\/section>\n\n\n\n<p>Go\u015bciem specjalnym spotkania by\u0142 prof. dr hab.\u00a0Henryk Mruk, kt\u00f3ry po kr\u00f3tkim wyst\u0105pieniu zaprosi\u0142 do dyskusji o roli lider\u00f3w w\u00a0dynamicznie zmieniaj\u0105cych si\u0119 czasach\u00a0Romana Wieczorka\u00a0\u2013 wieloletniego Prezesa\u00a0Skanska,\u00a0Rados\u0142awa T. Krocht\u0119\u00a0&#8211; Prezesa\u00a0MLP GROUP S.A.\u00a0oraz\u00a0Romana Staszewskiego\u00a0&#8211; Prezesa\u00a0Bridgestone EMIA. <img decoding=\"async\" loading=\"lazy\" class=\"alignnone wp-image-7222 size-large\" src=\"https:\/\/wpip.mda.pl\/app\/uploads\/sites\/2\/2024\/03\/IMG_9606-scaled.jpg\" alt=\"\" width=\"1024\" height=\"683\" \/><\/p>\n<p>Profesor\u00a0Marek Zieli\u0144ski, kt\u00f3ry poprowadzi\u0142 panel dyskusyjny, podj\u0105\u0142 z naszymi go\u015b\u0107mi tematy zwi\u0105zane z uwarunkowaniami ekonomicznymi, energetycznymi i spo\u0142ecznymi rozwoju przedsi\u0119biorstw w niepewnych czasach. To by\u0142a dla nas solidna dawka wiedzy i inspiracji!<\/p>\n<p><img decoding=\"async\" loading=\"lazy\" class=\"alignnone wp-image-7221 size-large\" src=\"https:\/\/wpip.mda.pl\/app\/uploads\/sites\/2\/2024\/03\/IMG_9669-scaled.jpg\" alt=\"\" width=\"1024\" height=\"683\" \/><\/p>\n<p>Razem z <strong>Dariuszem Stasikiem<\/strong> i\u00a0<strong>Januszem Signetzkim<\/strong> oraz Kanclerzem BCC Zbyszko Pawlakiem, ogromnie dzi\u0119kujemy wszystkim uczestnikom za przybycie, mo\u017cliwo\u015b\u0107 wymiany wiedzy i do\u015bwiadcze\u0144 oraz przyjemno\u015b\u0107 goszczenia Pa\u0144stwa w naszej siedzibie.<\/p>","protected":false},"excerpt":{"rendered":"<p>Go\u015bciem specjalnym spotkania by\u0142 prof. dr hab.\u00a0Henryk Mruk, kt\u00f3ry po kr\u00f3tkim wyst\u0105pieniu zaprosi\u0142 do dyskusji o roli lider\u00f3w w\u00a0dynamicznie zmieniaj\u0105cych si\u0119 czasach\u00a0Romana Wieczorka\u00a0\u2013 wieloletniego Prezesa\u00a0Skanska,\u00a0Rados\u0142awa T. Krocht\u0119\u00a0&#8211; Prezesa\u00a0MLP GROUP S.A.\u00a0oraz\u00a0Romana Staszewskiego\u00a0&#8211; Prezesa\u00a0Bridgestone EMIA. Profesor\u00a0Marek Zieli\u0144ski, kt\u00f3ry poprowadzi\u0142 panel dyskusyjny, podj\u0105\u0142 z naszymi go\u015b\u0107mi tematy zwi\u0105zane z uwarunkowaniami ekonomicznymi, energetycznymi i spo\u0142ecznymi rozwoju przedsi\u0119biorstw w niepewnych [&hellip;]<\/p>\n","protected":false},"featured_media":3004,"parent":0,"template":"","news_types":[31],"acf":[],"_links":{"self":[{"href":"https:\/\/wpip.mda.pl\/en\/wp-json\/wp\/v2\/news\/3361"}],"collection":[{"href":"https:\/\/wpip.mda.pl\/en\/wp-json\/wp\/v2\/news"}],"about":[{"href":"https:\/\/wpip.mda.pl\/en\/wp-json\/wp\/v2\/types\/news"}],"wp:featuredmedia":[{"embeddable":true,"href":"https:\/\/wpip.mda.pl\/en\/wp-json\/wp\/v2\/media\/3004"}],"wp:attachment":[{"href":"https:\/\/wpip.mda.pl\/en\/wp-json\/wp\/v2\/media?parent=3361"}],"wp:term":[{"taxonomy":"news_types","embeddable":true,"href":"https:\/\/wpip.mda.pl\/en\/wp-json\/wp\/v2\/news_types?post=3361"}],"curies":[{"name":"wp","href":"https:\/\/api.w.org\/{rel}","templated":true}]}}