{"id":3360,"date":"2022-10-20T08:00:12","date_gmt":"2022-10-20T08:00:12","guid":{"rendered":"https:\/\/wpip.mda.pl\/artykul\/kurs-eko-na-rynku-magazynowym-logistyczny-com\/"},"modified":"2024-03-19T07:35:10","modified_gmt":"2024-03-19T07:35:10","slug":"kurs-eko-na-rynku-magazynowym-logistyczny-com","status":"publish","type":"news","link":"https:\/\/wpip.mda.pl\/en\/aktualnosci\/kurs-eko-na-rynku-magazynowym-logistyczny-com\/","title":{"rendered":"Kurs eko na rynku magazynowym &#8211; \u201eLogistyczny.com\u201d"},"content":{"rendered":"\n<section id=\"block_48d7e21dc4e8ead841eefbb694e9d185\" class=\"entry-text \">\n    <div class=\"entry-text__text typo-17\"><p>Jak projektowa\u0107 z mo\u017cliwie jak najmniejszym naruszeniem ekosystemu? Czym wyr\u00f3\u017cnia si\u0119 nasza siedziba, czyli Smart Building Center w Jasinie? Dlaczego warto inwestowa\u0107 w innowacyjne i ekologiczne rozwi\u0105zania w budownictwie?<\/p>\n<\/div>\n<\/section>\n\n\n\n<p>Na te pytania odpowiadaj\u0105 w artykule w portalu logistyczny.com nasi eksperci:<strong> Marek Mielnik, dyrektor pracowni projektowej, Adam Zamelczyk, kierownik wsparcia sprzeda\u017cy oraz Monika Do\u0142\u0119bska, dyrektor marketingu WPIP.<\/strong><\/p>\n<p>Wi\u0119cej:<\/p>\n<p><a href=\"https:\/\/logistyczny.com\/biblioteka\/lancuch-dostaw\/item\/7257-zielona-konwencja\" target=\"_blank\" rel=\"noopener\">https:\/\/logistyczny.com\/biblioteka\/lancuch-dostaw\/item\/7257-zielona-konwencja<\/a><\/p>\n<p>&nbsp;<\/p>\n<p>&nbsp;<\/p>","protected":false},"excerpt":{"rendered":"<p>Na te pytania odpowiadaj\u0105 w artykule w portalu logistyczny.com nasi eksperci: Marek Mielnik, dyrektor pracowni projektowej, Adam Zamelczyk, kierownik wsparcia sprzeda\u017cy oraz Monika Do\u0142\u0119bska, dyrektor marketingu WPIP. Wi\u0119cej: https:\/\/logistyczny.com\/biblioteka\/lancuch-dostaw\/item\/7257-zielona-konwencja &nbsp; &nbsp;<\/p>\n","protected":false},"featured_media":3001,"parent":0,"template":"","news_types":[32],"acf":[],"_links":{"self":[{"href":"https:\/\/wpip.mda.pl\/en\/wp-json\/wp\/v2\/news\/3360"}],"collection":[{"href":"https:\/\/wpip.mda.pl\/en\/wp-json\/wp\/v2\/news"}],"about":[{"href":"https:\/\/wpip.mda.pl\/en\/wp-json\/wp\/v2\/types\/news"}],"wp:featuredmedia":[{"embeddable":true,"href":"https:\/\/wpip.mda.pl\/en\/wp-json\/wp\/v2\/media\/3001"}],"wp:attachment":[{"href":"https:\/\/wpip.mda.pl\/en\/wp-json\/wp\/v2\/media?parent=3360"}],"wp:term":[{"taxonomy":"news_types","embeddable":true,"href":"https:\/\/wpip.mda.pl\/en\/wp-json\/wp\/v2\/news_types?post=3360"}],"curies":[{"name":"wp","href":"https:\/\/api.w.org\/{rel}","templated":true}]}}