{"id":3347,"date":"2021-07-14T11:12:59","date_gmt":"2021-07-14T11:12:59","guid":{"rendered":"https:\/\/wpip.mda.pl\/artykul\/kolejne-23-tys-m-kw-w-parku-logistycznym-mlp-poznan-west\/"},"modified":"2024-03-19T07:34:47","modified_gmt":"2024-03-19T07:34:47","slug":"kolejne-23-tys-m-kw-w-parku-logistycznym-mlp-poznan-west","status":"publish","type":"news","link":"https:\/\/wpip.mda.pl\/en\/aktualnosci\/kolejne-23-tys-m-kw-w-parku-logistycznym-mlp-poznan-west\/","title":{"rendered":"Kolejne 23 tys. m kw. w parku logistycznym MLP Pozna\u0144 West"},"content":{"rendered":"\n<section id=\"block_725149f5f000f44d9591fd0ce1643cd9\" class=\"entry-text \">\n    <div class=\"entry-text__text typo-17\"><p>W parku logistycznym MLP Pozna\u0144 West, zlokalizowanym w D\u0105br\u00f3wce, budujemy ju\u017c 4. obiekt w formule BTS. Deweloper dzia\u0142aj\u0105cy na europejskim rynku nieruchomo\u015bci magazynowych zleci\u0142 nam realizacj\u0119 hali dla nowego klienta. <\/p>\n<\/div>\n<\/section>\n\n\n\n<p>Jeszcze przed uko\u0144czeniem trzeciego obiektu w parku MLP Pozna\u0144 West \u2013 mro\u017ani o pow. 8 500 m kw., ruszyli\u015bmy z budow\u0105 czwartej hali, kt\u00f3rej docelowa powierzchnia wyniesie 23 tys. m kw.<\/p>\n<p>Nowy najemca podpisa\u0142 umow\u0119, w ramach kt\u00f3rej otrzyma blisko 13 tys. mkw. nowoczesnej przestrzeni, z tego na cele magazynowo-produkcyjne przeznaczonych b\u0119dzie ok. 12 tys. mkw., za\u015b kolejne 900 mkw. stanowi\u0107 b\u0119dzie cz\u0119\u015b\u0107 biurowo-socjalna. Hala b\u0119dzie w pe\u0142ni dostosowana do indywidualnych wymaga\u0144 najemcy.<\/p>\n<p>Obiekt realizowa\u0107 b\u0119dziemy zgodnie z najnowocze\u015bniejszymi trendami obowi\u0105zuj\u0105cymi na rynku nieruchomo\u015bci magazynowych oraz wymaganiami <strong>certyfikacji BREEAM<\/strong>, kt\u00f3r\u0105 przeprowadzimy dla Klienta. Ponadto zgodnie ze strategi\u0105 sp\u00f3\u0142ki wdro\u017cymy szereg eko-rozwi\u0105za\u0144. W budynku zastosowane zostan\u0105 nowoczesne doki roz\u0142adunkowe oraz przeszklenia w cz\u0119\u015bci biurowej i produkcyjnej, kt\u00f3re zwi\u0119ksz\u0105 dost\u0119p do \u015bwiat\u0142a dziennego i zapewni\u0105 pracownikom lepsze warunki pracy. W celu uzyskania wy\u017cszej efektywno\u015bci energetycznej i obni\u017cenia koszt\u00f3w eksploatacyjnych na dachu zrealizujemy<strong> instalacj\u0119 fotowoltaiczn\u0105<\/strong>.\u00a0 Na terenie parku pojawi\u0105 si\u0119 wiaty na rowery, stacje \u0142adowania samochod\u00f3w elektrycznych oraz domki dla owad\u00f3w. Wsp\u00f3lnie z MLP Group zadbamy nie tylko o \u015brodowisko naturalne, ale tak\u017ce o komfort u\u017cytkownik\u00f3w obiektu.<\/p>\n<p>Realizacja inwestycji rozpocz\u0119\u0142a si\u0119 w pierwszej po\u0142owie lipca, a przekazanie gotowego obiektu zaplanowane jest na IV kwarta\u0142 2021 r.<\/p>","protected":false},"excerpt":{"rendered":"<p>Jeszcze przed uko\u0144czeniem trzeciego obiektu w parku MLP Pozna\u0144 West \u2013 mro\u017ani o pow. 8 500 m kw., ruszyli\u015bmy z budow\u0105 czwartej hali, kt\u00f3rej docelowa powierzchnia wyniesie 23 tys. m kw. Nowy najemca podpisa\u0142 umow\u0119, w ramach kt\u00f3rej otrzyma blisko 13 tys. mkw. nowoczesnej przestrzeni, z tego na cele magazynowo-produkcyjne przeznaczonych b\u0119dzie ok. 12 tys. [&hellip;]<\/p>\n","protected":false},"featured_media":2980,"parent":0,"template":"","news_types":[31],"acf":[],"_links":{"self":[{"href":"https:\/\/wpip.mda.pl\/en\/wp-json\/wp\/v2\/news\/3347"}],"collection":[{"href":"https:\/\/wpip.mda.pl\/en\/wp-json\/wp\/v2\/news"}],"about":[{"href":"https:\/\/wpip.mda.pl\/en\/wp-json\/wp\/v2\/types\/news"}],"wp:featuredmedia":[{"embeddable":true,"href":"https:\/\/wpip.mda.pl\/en\/wp-json\/wp\/v2\/media\/2980"}],"wp:attachment":[{"href":"https:\/\/wpip.mda.pl\/en\/wp-json\/wp\/v2\/media?parent=3347"}],"wp:term":[{"taxonomy":"news_types","embeddable":true,"href":"https:\/\/wpip.mda.pl\/en\/wp-json\/wp\/v2\/news_types?post=3347"}],"curies":[{"name":"wp","href":"https:\/\/api.w.org\/{rel}","templated":true}]}}