{"id":3345,"date":"2023-04-25T09:48:09","date_gmt":"2023-04-25T09:48:09","guid":{"rendered":"https:\/\/wpip.mda.pl\/artykul\/janusz-signetzki-chcialbym-powiedziec-ze-bedzie-taniej-ale-nie-bedzie-relacja-z-debaty-o-rynku-nieruchomosci-w-serwisie-bankier-pl\/"},"modified":"2023-04-25T09:48:09","modified_gmt":"2023-04-25T09:48:09","slug":"janusz-signetzki-chcialbym-powiedziec-ze-bedzie-taniej-ale-nie-bedzie-relacja-z-debaty-o-rynku-nieruchomosci-w-serwisie-bankier-pl","status":"publish","type":"news","link":"https:\/\/wpip.mda.pl\/en\/aktualnosci\/janusz-signetzki-chcialbym-powiedziec-ze-bedzie-taniej-ale-nie-bedzie-relacja-z-debaty-o-rynku-nieruchomosci-w-serwisie-bankier-pl\/","title":{"rendered":"Janusz Signetzki: Chcia\u0142bym powiedzie\u0107, \u017ce b\u0119dzie taniej, ale nie b\u0119dzie &#8211; relacja z debaty o rynku nieruchomo\u015bci w serwisie Bankier.pl"},"content":{"rendered":"\n\n<p><em><strong>\u2013 <\/strong>Chcia\u0142bym powiedzie\u0107, \u017ce b\u0119dzie taniej, ale nie b\u0119dzie taniej. To jest bardzo dobry czas do inwestowania na rynku nieruchomo\u015bci, wr\u00f3ci\u0142a normalno\u015b\u0107 <\/em><strong><em>\u2013<\/em> m\u00f3wi\u0142 podczas panelu Janusz Signetzki,\u00a0<\/strong>cytowany przez portal Bankier.pl.<\/p>\n<p><img decoding=\"async\" loading=\"lazy\" class=\"alignnone size-full wp-image-7860\" src=\"https:\/\/wpip.mda.pl\/app\/uploads\/2024\/03\/ekg2.jpg\" alt=\"Europejski Kongres Gospodarczy\" width=\"2560\" height=\"1707\" \/><\/p>\n<p>Relacj\u0119 z debaty mo\u017cna przeczyta\u0107 na portalu <a href=\"http:\/\/bankier.pl\" target=\"_blank\" rel=\"noopener\">Bankier.pl<\/a>. Wystarczy klikn\u0105\u0107 w poni\u017cszy link:<\/p>\n<p><a href=\"https:\/\/www.bankier.pl\/wiadomosc\/Signetzki-Chcialbym-powiedziec-ze-bedzie-taniej-ale-nie-bedzie-To-jest-bardzo-dobry-czas-do-inwestowania-na-rynku-nieruchomosci-wrocila-normalnosc-8529180.html\" target=\"_blank\" rel=\"noopener\">https:\/\/www.bankier.pl\/wiadomosc\/Signetzki-Chcialbym-powiedziec-ze-bedzie-taniej-ale-nie-bedzie-To-jest-bardzo-dobry-czas-do-inwestowania-na-rynku-nieruchomosci-wrocila-normalnosc-8529180.html<\/a><\/p>\n<p>&nbsp;<\/p>","protected":false},"excerpt":{"rendered":"<p>\u2013 Chcia\u0142bym powiedzie\u0107, \u017ce b\u0119dzie taniej, ale nie b\u0119dzie taniej. To jest bardzo dobry czas do inwestowania na rynku nieruchomo\u015bci, wr\u00f3ci\u0142a normalno\u015b\u0107 \u2013 m\u00f3wi\u0142 podczas panelu Janusz Signetzki,\u00a0cytowany przez portal Bankier.pl. Relacj\u0119 z debaty mo\u017cna przeczyta\u0107 na portalu Bankier.pl. Wystarczy klikn\u0105\u0107 w poni\u017cszy link: https:\/\/www.bankier.pl\/wiadomosc\/Signetzki-Chcialbym-powiedziec-ze-bedzie-taniej-ale-nie-bedzie-To-jest-bardzo-dobry-czas-do-inwestowania-na-rynku-nieruchomosci-wrocila-normalnosc-8529180.html &nbsp;<\/p>\n","protected":false},"featured_media":2972,"parent":0,"template":"","news_types":[32],"acf":[],"_links":{"self":[{"href":"https:\/\/wpip.mda.pl\/en\/wp-json\/wp\/v2\/news\/3345"}],"collection":[{"href":"https:\/\/wpip.mda.pl\/en\/wp-json\/wp\/v2\/news"}],"about":[{"href":"https:\/\/wpip.mda.pl\/en\/wp-json\/wp\/v2\/types\/news"}],"wp:featuredmedia":[{"embeddable":true,"href":"https:\/\/wpip.mda.pl\/en\/wp-json\/wp\/v2\/media\/2972"}],"wp:attachment":[{"href":"https:\/\/wpip.mda.pl\/en\/wp-json\/wp\/v2\/media?parent=3345"}],"wp:term":[{"taxonomy":"news_types","embeddable":true,"href":"https:\/\/wpip.mda.pl\/en\/wp-json\/wp\/v2\/news_types?post=3345"}],"curies":[{"name":"wp","href":"https:\/\/api.w.org\/{rel}","templated":true}]}}