{"id":3344,"date":"2023-04-27T08:35:54","date_gmt":"2023-04-27T08:35:54","guid":{"rendered":"https:\/\/wpip.mda.pl\/artykul\/janusz-signetzki-uczestnikiem-debaty-podczas-europejskiego-kongresu-gospodarczego\/"},"modified":"2023-04-27T08:35:54","modified_gmt":"2023-04-27T08:35:54","slug":"janusz-signetzki-uczestnikiem-debaty-podczas-europejskiego-kongresu-gospodarczego","status":"publish","type":"news","link":"https:\/\/wpip.mda.pl\/en\/aktualnosci\/janusz-signetzki-uczestnikiem-debaty-podczas-europejskiego-kongresu-gospodarczego\/","title":{"rendered":"Janusz Signetzki uczestnikiem debaty podczas Europejskiego Kongresu Gospodarczego"},"content":{"rendered":"\n\n<p>Podczas debaty wiceprezes zarz\u0105du WPIP podkre\u015bla\u0142 m.in. wag\u0119 nowych trend\u00f3w, kt\u00f3re maj\u0105 niebagatelny wp\u0142yw na ca\u0142y sektor nieruchomo\u015bci.<\/p>\n<p>\u2013 <em>Coraz wi\u0119ksza liczba nowo budowanych obiekt\u00f3w, np. biurowych czy magazynowych, mo\u017ce si\u0119 pochwali\u0107 tzw. \u201ezielonymi certyfikatami\u201d. S\u0105 one potwierdzeniem spe\u0142nienia przez nie wysokich standard\u00f3w \u015brodowiskowych. Korzystanie z instalacji fotowoltaicznych, pomp ciep\u0142a, systemu BMS nie jest ju\u017c niczym nowym, staje si\u0119 norm\u0105. Zielona rewolucja, tak\u017ce w sektorze nieruchomo\u015bci, to ju\u017c fakt<\/em>! <em>\u2013<\/em><strong> m\u00f3wi\u0142 Janusz Signetzki<\/strong>.<\/p>\n<p><img decoding=\"async\" loading=\"lazy\" class=\"alignnone size-full wp-image-7860\" src=\"https:\/\/wpip.mda.pl\/app\/uploads\/2024\/03\/ekg2.jpg\" alt=\"\" width=\"2560\" height=\"1707\" \/><\/p>\n<p>W debacie, opr\u00f3cz wiceprezesa zarz\u0105du WPIP, uczestniczyli: Anna Duchnowska, Managing Director, Investment Management Europe, Invesco Real Estate, Jakub Nagraba, dyrektor dywizji budownictwa og\u00f3lnego, Budimex, Micha\u0142 Sawicki, partner, doradztwo podatkowe, EY, Maciej Tuszynski, CCIM, dyrektor zarz\u0105dzaj\u0105cy na Europ\u0119, Fortress Real Estate Investments Limited, Karol Wyka, Country Leasing Director, Country Management Member, HB Reavis Poland oraz Ryszard Wysoki\u0144ski, Head Of Department Investor Relationship Management, Kaufland Polska Markety. W rol\u0119 moderatora wcieli\u0142 si\u0119 Mateusz Skubiszewski, MRICS, Head Of Capital Markets, BNP Paribas Real Estate Poland.<\/p>\n<p><img decoding=\"async\" loading=\"lazy\" class=\"alignnone size-full wp-image-7861\" src=\"https:\/\/wpip.mda.pl\/app\/uploads\/2024\/03\/EKG1.jpg\" alt=\"\" width=\"2560\" height=\"1707\" \/><\/p>\n<p>Ca\u0142\u0105 dyskusj\u0119, kt\u00f3ra toczy\u0142a si\u0119 podczas sesji \u201eRynek nieruchomo\u015bci&#8221;, mo\u017cna obejrze\u0107, klikaj\u0105c w poni\u017cszy link:<\/p>\n<p><a href=\"https:\/\/www.bankier.pl\/wiadomosc\/Signetzki-Chcialbym-powiedziec-ze-bedzie-taniej-ale-nie-bedzie-To-jest-bardzo-dobry-czas-do-inwestowania-na-rynku-nieruchomosci-wrocila-normalnosc-8529180.html\" target=\"_blank\" rel=\"noopener\">https:\/\/www.bankier.pl\/wiadomosc\/Signetzki-Chcialbym-powiedziec-ze-bedzie-taniej-ale-nie-bedzie-To-jest-bardzo-dobry-czas-do-inwestowania-na-rynku-nieruchomosci-wrocila-normalnosc-8529180.html<\/a><\/p>\n<p><a href=\"https:\/\/www.eecpoland.eu\/2023\/pl\/\" target=\"_blank\" rel=\"noopener\">Europejski Kongres Gospodarczy<\/a>, jedno z najwa\u017cniejszych wydarze\u0144 biznesowych w regionie Europy \u015arodkowej i Wschodniej, odby\u0142 si\u0119 od 24 do 26 kwietnia w Mi\u0119dzynarodowym Centrum Kongresowym w Katowicach.<\/p>","protected":false},"excerpt":{"rendered":"<p>Podczas debaty wiceprezes zarz\u0105du WPIP podkre\u015bla\u0142 m.in. wag\u0119 nowych trend\u00f3w, kt\u00f3re maj\u0105 niebagatelny wp\u0142yw na ca\u0142y sektor nieruchomo\u015bci. \u2013 Coraz wi\u0119ksza liczba nowo budowanych obiekt\u00f3w, np. biurowych czy magazynowych, mo\u017ce si\u0119 pochwali\u0107 tzw. \u201ezielonymi certyfikatami\u201d. S\u0105 one potwierdzeniem spe\u0142nienia przez nie wysokich standard\u00f3w \u015brodowiskowych. Korzystanie z instalacji fotowoltaicznych, pomp ciep\u0142a, systemu BMS nie jest ju\u017c [&hellip;]<\/p>\n","protected":false},"featured_media":2969,"parent":0,"template":"","news_types":[31],"acf":[],"_links":{"self":[{"href":"https:\/\/wpip.mda.pl\/en\/wp-json\/wp\/v2\/news\/3344"}],"collection":[{"href":"https:\/\/wpip.mda.pl\/en\/wp-json\/wp\/v2\/news"}],"about":[{"href":"https:\/\/wpip.mda.pl\/en\/wp-json\/wp\/v2\/types\/news"}],"wp:featuredmedia":[{"embeddable":true,"href":"https:\/\/wpip.mda.pl\/en\/wp-json\/wp\/v2\/media\/2969"}],"wp:attachment":[{"href":"https:\/\/wpip.mda.pl\/en\/wp-json\/wp\/v2\/media?parent=3344"}],"wp:term":[{"taxonomy":"news_types","embeddable":true,"href":"https:\/\/wpip.mda.pl\/en\/wp-json\/wp\/v2\/news_types?post=3344"}],"curies":[{"name":"wp","href":"https:\/\/api.w.org\/{rel}","templated":true}]}}