{"id":3335,"date":"2023-07-02T11:15:56","date_gmt":"2023-07-02T11:15:56","guid":{"rendered":"https:\/\/wpip.mda.pl\/artykul\/hala-widowiskowo-sportowa-w-nowej-soli-zaprezentowana-na-lamach-boisk-i-stadionow\/"},"modified":"2023-07-02T11:15:56","modified_gmt":"2023-07-02T11:15:56","slug":"hala-widowiskowo-sportowa-w-nowej-soli-zaprezentowana-na-lamach-boisk-i-stadionow","status":"publish","type":"news","link":"https:\/\/wpip.mda.pl\/en\/aktualnosci\/hala-widowiskowo-sportowa-w-nowej-soli-zaprezentowana-na-lamach-boisk-i-stadionow\/","title":{"rendered":"Hala widowiskowo-sportowa w Nowej Soli zaprezentowana na \u0142amach \u201eBoisk i Stadion\u00f3w\u201d"},"content":{"rendered":"\n\n<p><a href=\"https:\/\/wpip.pl\/aktualnosci\/w-nowej-soli-otwarto-hale-widowiskowo-sportowa\/\" target=\"_blank\" rel=\"noopener\">Budynek hali widowiskowo-sportowej<\/a> jest zlokalizowany przy ul. Gimnazjalnej, na terenie by\u0142ego dworca autobusowego. Zosta\u0142 zaprojektowany na planie prostok\u0105ta o wymiarach 58,5 m x 48 m. Powierzchnia u\u017cytkowa obiektu to prawie 3,9 tys. m kw. Wysoko\u015b\u0107 zewn\u0119trzna hali wynosi 17 m, wewn\u0119trzna (w najwy\u017cszym miejscu) \u2013 ponad 14 m. Przestrze\u0144 zosta\u0142a zaprojektowana tak, \u017ceby mo\u017cna by\u0142o tam rozgrywa\u0107 mecze siatk\u00f3wki, koszyk\u00f3wki, pi\u0142ki r\u0119cznej oraz futsalu. Na trybunach przewidziano ok. 800 sta\u0142ych miejsc, w tym te przeznaczone dla os\u00f3b niepe\u0142nosprawnych. Jednak na terenie hali mo\u017ce przebywa\u0107 \u0142\u0105cznie 1,5 tys. os\u00f3b \u2013 pod warunkiem dostawienia dodatkowej widowni.<\/p>\n<p><img decoding=\"async\" loading=\"lazy\" class=\"alignnone size-full wp-image-8046\" src=\"https:\/\/wpip.mda.pl\/app\/uploads\/2024\/03\/boi.jpg\" alt=\"P\u00f3\u0142rocznik &quot;Boiska i Stadiony&quot;\" width=\"822\" height=\"1075\" \/><\/p>","protected":false},"excerpt":{"rendered":"<p>Budynek hali widowiskowo-sportowej jest zlokalizowany przy ul. Gimnazjalnej, na terenie by\u0142ego dworca autobusowego. Zosta\u0142 zaprojektowany na planie prostok\u0105ta o wymiarach 58,5 m x 48 m. Powierzchnia u\u017cytkowa obiektu to prawie 3,9 tys. m kw. Wysoko\u015b\u0107 zewn\u0119trzna hali wynosi 17 m, wewn\u0119trzna (w najwy\u017cszym miejscu) \u2013 ponad 14 m. Przestrze\u0144 zosta\u0142a zaprojektowana tak, \u017ceby mo\u017cna by\u0142o [&hellip;]<\/p>\n","protected":false},"featured_media":2953,"parent":0,"template":"","news_types":[32],"acf":[],"_links":{"self":[{"href":"https:\/\/wpip.mda.pl\/en\/wp-json\/wp\/v2\/news\/3335"}],"collection":[{"href":"https:\/\/wpip.mda.pl\/en\/wp-json\/wp\/v2\/news"}],"about":[{"href":"https:\/\/wpip.mda.pl\/en\/wp-json\/wp\/v2\/types\/news"}],"wp:featuredmedia":[{"embeddable":true,"href":"https:\/\/wpip.mda.pl\/en\/wp-json\/wp\/v2\/media\/2953"}],"wp:attachment":[{"href":"https:\/\/wpip.mda.pl\/en\/wp-json\/wp\/v2\/media?parent=3335"}],"wp:term":[{"taxonomy":"news_types","embeddable":true,"href":"https:\/\/wpip.mda.pl\/en\/wp-json\/wp\/v2\/news_types?post=3335"}],"curies":[{"name":"wp","href":"https:\/\/api.w.org\/{rel}","templated":true}]}}