{"id":3334,"date":"2023-10-02T09:04:53","date_gmt":"2023-10-02T09:04:53","guid":{"rendered":"https:\/\/wpip.mda.pl\/artykul\/hala-widowiskowo-sportowa-w-nowej-soli-z-tytulem-lubuskiego-mistera-budowy\/"},"modified":"2023-10-02T09:04:53","modified_gmt":"2023-10-02T09:04:53","slug":"hala-widowiskowo-sportowa-w-nowej-soli-z-tytulem-lubuskiego-mistera-budowy","status":"publish","type":"news","link":"https:\/\/wpip.mda.pl\/en\/aktualnosci\/hala-widowiskowo-sportowa-w-nowej-soli-z-tytulem-lubuskiego-mistera-budowy\/","title":{"rendered":"Hala widowiskowo-sportowa w Nowej Soli z tytu\u0142em Lubuskiego Mistera Budowy"},"content":{"rendered":"\n<section id=\"block_75433bd4e7700817bd9cb7f7e092cc45\" class=\"entry-text \">\n    <div class=\"entry-text__text typo-17\"><p>Hala widowiskowo-sportowa w Nowej Soli, kt\u00f3r\u0105 mieli\u015bmy przyjemno\u015b\u0107 realizowa\u0107 jako generalny wykonawca, otrzyma\u0142a tytu\u0142 Lubuskiego Mistera Budowy 2022 w kategorii budownictwo u\u017cyteczno\u015bci publicznej!<\/p>\n<\/div>\n<\/section>\n\n\n\n<p>Nagroda zosta\u0142a wr\u0119czona podczas 29 edycji Lubuskiej Gali Budownictwa, kt\u00f3ra odby\u0142a si\u0119 w Zielonej G\u00f3rze. Kapitu\u0142a doceni\u0142a \u201estworzenie nowatorskiego kompleksu dla miasta, kt\u00f3ry pe\u0142ni rol\u0119 nie tylko sportow\u0105, ale tak\u017ce spo\u0142eczn\u0105. Dodatkowo wyr\u00f3\u017cnia si\u0119 innowacyjn\u0105 konstrukcj\u0105, doskonale dostosowuj\u0105c si\u0119 do r\u00f3\u017cnorodnych funkcji\u201d.<\/p>\n<p>Dzi\u0119kujemy za wsp\u00f3\u0142prac\u0119 wszystkim osobom, kt\u00f3re przyczyni\u0142y si\u0119 do zrealizowania tego projektu. Szczeg\u00f3lne wyrazy uznania nale\u017c\u0105 si\u0119 inwestorowi: gminie Nowa S\u00f3l oraz g\u0142\u00f3wnemu projektantowi: Jaros\u0142awowi Kowalczykowi.<\/p>\n<figure id=\"attachment_7777\" aria-describedby=\"caption-attachment-7777\" style=\"width: 1280px\" class=\"wp-caption alignnone\"><img decoding=\"async\" loading=\"lazy\" class=\"size-full wp-image-7777\" src=\"https:\/\/wpip.mda.pl\/app\/uploads\/2024\/03\/fot.-Jaroslaw-Werwicki-Fota-z-Drona.jpg\" alt=\"Hala widowiskowo-sportowa w Nowej Soli\" width=\"1280\" height=\"958\" \/><figcaption id=\"caption-attachment-7777\" class=\"wp-caption-text\">fot. Jaros\u0142aw Werwicki, Fota z Drona<\/figcaption><\/figure>\n<p><a href=\"https:\/\/wpip.pl\/aktualnosci\/w-nowej-soli-otwarto-hale-widowiskowo-sportowa\/\" target=\"_blank\" rel=\"noopener\">Budynek hali widowiskowo-sportowej jest zlokalizowany przy ul. Gimnazjalnej, na terenie by\u0142ego dworca autobusowego. Zosta\u0142 zaprojektowany na planie prostok\u0105ta o wymiarach 58,5 m x 48 m. Powierzchnia u\u017cytkowa obiektu to prawie 3,9 tys. m kw. Wysoko\u015b\u0107 zewn\u0119trzna hali wynosi 17 m, wewn\u0119trzna (w najwy\u017cszym miejscu) \u2013 ponad 14 m. Przestrze\u0144 zosta\u0142a zaprojektowana tak, \u017ceby mo\u017cna by\u0142o tam rozgrywa\u0107 mecze siatk\u00f3wki, koszyk\u00f3wki, pi\u0142ki r\u0119cznej oraz futsalu. Na trybunach przewidziano ok. 800 sta\u0142ych miejsc, w tym te przeznaczone dla os\u00f3b niepe\u0142nosprawnych. Jednak na terenie hali mo\u017ce przebywa\u0107 \u0142\u0105cznie 1,5 tys. os\u00f3b \u2013 pod warunkiem dostawienia dodatkowej widowni.\u00a0<\/a><\/p>\n<p>&nbsp;<\/p>","protected":false},"excerpt":{"rendered":"<p>Nagroda zosta\u0142a wr\u0119czona podczas 29 edycji Lubuskiej Gali Budownictwa, kt\u00f3ra odby\u0142a si\u0119 w Zielonej G\u00f3rze. Kapitu\u0142a doceni\u0142a \u201estworzenie nowatorskiego kompleksu dla miasta, kt\u00f3ry pe\u0142ni rol\u0119 nie tylko sportow\u0105, ale tak\u017ce spo\u0142eczn\u0105. Dodatkowo wyr\u00f3\u017cnia si\u0119 innowacyjn\u0105 konstrukcj\u0105, doskonale dostosowuj\u0105c si\u0119 do r\u00f3\u017cnorodnych funkcji\u201d. Dzi\u0119kujemy za wsp\u00f3\u0142prac\u0119 wszystkim osobom, kt\u00f3re przyczyni\u0142y si\u0119 do zrealizowania tego projektu. Szczeg\u00f3lne [&hellip;]<\/p>\n","protected":false},"featured_media":2950,"parent":0,"template":"","news_types":[31],"acf":[],"_links":{"self":[{"href":"https:\/\/wpip.mda.pl\/en\/wp-json\/wp\/v2\/news\/3334"}],"collection":[{"href":"https:\/\/wpip.mda.pl\/en\/wp-json\/wp\/v2\/news"}],"about":[{"href":"https:\/\/wpip.mda.pl\/en\/wp-json\/wp\/v2\/types\/news"}],"wp:featuredmedia":[{"embeddable":true,"href":"https:\/\/wpip.mda.pl\/en\/wp-json\/wp\/v2\/media\/2950"}],"wp:attachment":[{"href":"https:\/\/wpip.mda.pl\/en\/wp-json\/wp\/v2\/media?parent=3334"}],"wp:term":[{"taxonomy":"news_types","embeddable":true,"href":"https:\/\/wpip.mda.pl\/en\/wp-json\/wp\/v2\/news_types?post=3334"}],"curies":[{"name":"wp","href":"https:\/\/api.w.org\/{rel}","templated":true}]}}