{"id":3331,"date":"2023-06-27T10:58:37","date_gmt":"2023-06-27T10:58:37","guid":{"rendered":"https:\/\/wpip.mda.pl\/artykul\/dwie-realizowane-przez-nas-inwestycje-ujete-w-zestawieniu-magazynu-nowoczesny-przemysl\/"},"modified":"2023-06-27T10:58:37","modified_gmt":"2023-06-27T10:58:37","slug":"dwie-realizowane-przez-nas-inwestycje-ujete-w-zestawieniu-magazynu-nowoczesny-przemysl","status":"publish","type":"news","link":"https:\/\/wpip.mda.pl\/en\/aktualnosci\/dwie-realizowane-przez-nas-inwestycje-ujete-w-zestawieniu-magazynu-nowoczesny-przemysl\/","title":{"rendered":"Dwie realizowane przez nas inwestycje uj\u0119te w zestawieniu magazynu \u201eNowoczesny Przemys\u0142&#8221;"},"content":{"rendered":"\n\n<p>Chodzi o hal\u0119 magazynow\u0105 dla <a href=\"https:\/\/mlpgroup.com\/\" target=\"_blank\" rel=\"noopener\">MLP GROUP S.A.<\/a> w MLP Pozna\u0144 West <a href=\"https:\/\/wpip.pl\/aktualnosci\/rozbudowa-zakladu-produkcyjnego-kohl-group-polska-zakonczona\/\" target=\"_blank\" rel=\"noopener\">oraz rozbudow\u0119 zak\u0142adu produkcyjnego Kohl Group Polska.\u00a0<\/a><\/p>\n<p><img decoding=\"async\" loading=\"lazy\" class=\"alignnone size-full wp-image-8040\" src=\"https:\/\/wpip.mda.pl\/app\/uploads\/2024\/03\/nowoczesny.jpg\" alt=\"&quot;Nowoczesny Przemys\u0142&quot; - wakacyjne wydanie\" width=\"1192\" height=\"861\" \/><\/p>","protected":false},"excerpt":{"rendered":"<p>Chodzi o hal\u0119 magazynow\u0105 dla MLP GROUP S.A. w MLP Pozna\u0144 West oraz rozbudow\u0119 zak\u0142adu produkcyjnego Kohl Group Polska.\u00a0<\/p>\n","protected":false},"featured_media":2941,"parent":0,"template":"","news_types":[32],"acf":[],"_links":{"self":[{"href":"https:\/\/wpip.mda.pl\/en\/wp-json\/wp\/v2\/news\/3331"}],"collection":[{"href":"https:\/\/wpip.mda.pl\/en\/wp-json\/wp\/v2\/news"}],"about":[{"href":"https:\/\/wpip.mda.pl\/en\/wp-json\/wp\/v2\/types\/news"}],"wp:featuredmedia":[{"embeddable":true,"href":"https:\/\/wpip.mda.pl\/en\/wp-json\/wp\/v2\/media\/2941"}],"wp:attachment":[{"href":"https:\/\/wpip.mda.pl\/en\/wp-json\/wp\/v2\/media?parent=3331"}],"wp:term":[{"taxonomy":"news_types","embeddable":true,"href":"https:\/\/wpip.mda.pl\/en\/wp-json\/wp\/v2\/news_types?post=3331"}],"curies":[{"name":"wp","href":"https:\/\/api.w.org\/{rel}","templated":true}]}}