{"id":3330,"date":"2023-03-21T12:17:50","date_gmt":"2023-03-21T12:17:50","guid":{"rendered":"https:\/\/wpip.mda.pl\/artykul\/dobry-pracodawca-czyli-jaki-dariusz-stasik-debatuje-podczas-miedzynarodowego-kongresu-firm-rodzinnych\/"},"modified":"2023-03-21T12:17:50","modified_gmt":"2023-03-21T12:17:50","slug":"dobry-pracodawca-czyli-jaki-dariusz-stasik-debatuje-podczas-miedzynarodowego-kongresu-firm-rodzinnych","status":"publish","type":"news","link":"https:\/\/wpip.mda.pl\/en\/aktualnosci\/dobry-pracodawca-czyli-jaki-dariusz-stasik-debatuje-podczas-miedzynarodowego-kongresu-firm-rodzinnych\/","title":{"rendered":"Dobry pracodawca, czyli jaki? Dariusz Stasik debatuje podczas Mi\u0119dzynarodowego Kongresu Firm Rodzinnych"},"content":{"rendered":"\n<section id=\"block_fec856ceb04ef3634de62df5113263ac\" class=\"entry-text \">\n    <div class=\"entry-text__text typo-17\"><p>Podczas X Mi\u0119dzynarodowego Kongresu Firm Rodzinnych, kt\u00f3ry odby\u0142 si\u0119 w Poznaniu, prezes zarz\u0105du WPIP Dariusz Stasik uczestniczy\u0142 panelu dyskusyjnym \u201eDobry pracodawca, czyli jaki? Well-being w firmie rodzinnej\u201d.<\/p>\n<\/div>\n<\/section>\n\n\n\n<p>W rozmowie, opr\u00f3cz Dariusza Stasika, uczestniczyli r\u00f3wnie\u017c Marcin Ochnik, prezes zarz\u0105du Ochnik S.A. oraz \u0141ukasz Chodkowski, dyrektor zarz\u0105dzaj\u0105cy D\u00e9hora Polska. Dyskusj\u0119 poprowadzi\u0142 Piotr Szulc z portalu informacyjnego Codzienny Pozna\u0144. Paneli\u015bci rozmawiali m.in. o tym czy przyjazne biuro i w\u0142a\u015bciwie dobrane benefity buduj\u0105 przewag\u0119 konkurencyjn\u0105 firm rodzinnych, jak w\u0142a\u015bcicielska zmiana pokoleniowa wp\u0142ywa na kultur\u0119 organizacji takich przedsi\u0119biorstw, czy s\u0105 one gotowe na wprowadzenie skr\u00f3conego tygodnia pracy oraz jak nagrody i certyfikaty wp\u0142ywaj\u0105 na pozytywny wizerunek firm rodzinnych.<\/p>\n<p><img decoding=\"async\" loading=\"lazy\" class=\"alignnone size-full wp-image-7890\" src=\"https:\/\/wpip.mda.pl\/app\/uploads\/2024\/03\/qqq.jpg\" alt=\"Mi\u0119dzynarodowy Kongres Firm Rodzinnych\" width=\"1600\" height=\"1200\" \/><\/p>\n<p>X <a href=\"https:\/\/kongresfirmrodzinnych.pl\/\" target=\"_blank\" rel=\"noopener\">Mi\u0119dzynarodowy Kongres Firm Rodzinnych<\/a> odby\u0142 si\u0119 od 20 do 21 marca w Poznaniu. Zorganizowa\u0142 go\u00a0 <a href=\"https:\/\/www.ibrpolska.pl\/\" data-attribute-index=\"0\" data-entity-type=\"MINI_COMPANY\" target=\"_blank\" rel=\"noopener\">Instytut Biznesu Rodzinnego.<\/a><\/p>\n<p>&nbsp;<\/p>","protected":false},"excerpt":{"rendered":"<p>W rozmowie, opr\u00f3cz Dariusza Stasika, uczestniczyli r\u00f3wnie\u017c Marcin Ochnik, prezes zarz\u0105du Ochnik S.A. oraz \u0141ukasz Chodkowski, dyrektor zarz\u0105dzaj\u0105cy D\u00e9hora Polska. Dyskusj\u0119 poprowadzi\u0142 Piotr Szulc z portalu informacyjnego Codzienny Pozna\u0144. Paneli\u015bci rozmawiali m.in. o tym czy przyjazne biuro i w\u0142a\u015bciwie dobrane benefity buduj\u0105 przewag\u0119 konkurencyjn\u0105 firm rodzinnych, jak w\u0142a\u015bcicielska zmiana pokoleniowa wp\u0142ywa na kultur\u0119 organizacji takich [&hellip;]<\/p>\n","protected":false},"featured_media":2935,"parent":0,"template":"","news_types":[31],"acf":[],"_links":{"self":[{"href":"https:\/\/wpip.mda.pl\/en\/wp-json\/wp\/v2\/news\/3330"}],"collection":[{"href":"https:\/\/wpip.mda.pl\/en\/wp-json\/wp\/v2\/news"}],"about":[{"href":"https:\/\/wpip.mda.pl\/en\/wp-json\/wp\/v2\/types\/news"}],"wp:featuredmedia":[{"embeddable":true,"href":"https:\/\/wpip.mda.pl\/en\/wp-json\/wp\/v2\/media\/2935"}],"wp:attachment":[{"href":"https:\/\/wpip.mda.pl\/en\/wp-json\/wp\/v2\/media?parent=3330"}],"wp:term":[{"taxonomy":"news_types","embeddable":true,"href":"https:\/\/wpip.mda.pl\/en\/wp-json\/wp\/v2\/news_types?post=3330"}],"curies":[{"name":"wp","href":"https:\/\/api.w.org\/{rel}","templated":true}]}}