{"id":3325,"date":"2023-06-02T09:57:05","date_gmt":"2023-06-02T09:57:05","guid":{"rendered":"https:\/\/wpip.mda.pl\/artykul\/centrum-logistyczne-czy-park-komentarz-adama-zamelczyka-w-magazynowaniu-i-dystrybucji\/"},"modified":"2023-06-02T09:57:05","modified_gmt":"2023-06-02T09:57:05","slug":"centrum-logistyczne-czy-park-komentarz-adama-zamelczyka-w-magazynowaniu-i-dystrybucji","status":"publish","type":"news","link":"https:\/\/wpip.mda.pl\/en\/aktualnosci\/centrum-logistyczne-czy-park-komentarz-adama-zamelczyka-w-magazynowaniu-i-dystrybucji\/","title":{"rendered":"Centrum logistyczne czy park? Komentarz Adama Zamelczyka w \u201eMagazynowaniu i Dystrybucji&#8221;"},"content":{"rendered":"\n<section id=\"block_deb2259aeb4ab9401c029c4187bbc45d\" class=\"entry-text \">\n    <div class=\"entry-text__text typo-17\"><p>Na \u0142amach majowo-czerwcowego numeru dwumiesi\u0119cznika \u201eMagazynowanie i Dystrybucja\u201d ukaza\u0142 si\u0119 tekst z komentarzem Adama Zamelczyka, zast\u0119pcy dyrektora sprzeda\u017cy WPIP.<\/p>\n<\/div>\n<\/section>\n\n\n\n<p><em>\u2013 W nazwach obiekt\u00f3w logistycznych, kt\u00f3re powstaj\u0105 w Polsce, pojawiaj\u0105 si\u0119 r\u00f3\u017cne s\u0142owa. Mam tutaj na my\u015bli cho\u0107by \u201epark\u201d lub \u201ecentrum logistyczne\u201d, to drugie wyra\u017cenie \u2013 cz\u0119sto w angielskiej wersji j\u0119zykowej<\/em> \u00a0<em>\u2013<\/em><strong> wypowiada si\u0119 w artykule \u201eMegapolis&#8221; <\/strong><strong>Adam Zamelczyk, zast\u0119pca dyrektora sprzeda\u017cy WPIP.<\/strong> \u00a0<em>\u2013<\/em> <em>Zdarza si\u0119 te\u017c, \u017ce w nazwach obiekt\u00f3w logistycznych nie wyst\u0119puj\u0105 s\u0142owa, kt\u00f3re wskazywa\u0142yby na ich funkcj\u0119. W takim przypadku ograniczaj\u0105 si\u0119 one do nazwy inwestora (rozpoznawalnej na rynku) oraz lokalizacji zespo\u0142u budynk\u00f3w. Zale\u017cy to od polityki, kt\u00f3r\u0105 prowadzi konkretny deweloper. Przy czym na pewno zachowywana jest komunikacyjna sp\u00f3jno\u015b\u0107. Co to znaczy? W nazwach wszystkich inwestycji danego dewelopera pojawiaj\u0105 si\u0119 takie same s\u0142owa, np. park lub centrum logistyczne.<\/em><\/p>\n<p><img decoding=\"async\" loading=\"lazy\" class=\"alignnone size-full wp-image-8034\" src=\"https:\/\/wpip.mda.pl\/app\/uploads\/2024\/03\/mega1-rotated-1.jpg\" alt=\"&quot;Magazynowanie i Dystrybucja&quot; 3\/2023\" width=\"2221\" height=\"1666\" \/><\/p>","protected":false},"excerpt":{"rendered":"<p>\u2013 W nazwach obiekt\u00f3w logistycznych, kt\u00f3re powstaj\u0105 w Polsce, pojawiaj\u0105 si\u0119 r\u00f3\u017cne s\u0142owa. Mam tutaj na my\u015bli cho\u0107by \u201epark\u201d lub \u201ecentrum logistyczne\u201d, to drugie wyra\u017cenie \u2013 cz\u0119sto w angielskiej wersji j\u0119zykowej \u00a0\u2013 wypowiada si\u0119 w artykule \u201eMegapolis&#8221; Adam Zamelczyk, zast\u0119pca dyrektora sprzeda\u017cy WPIP. \u00a0\u2013 Zdarza si\u0119 te\u017c, \u017ce w nazwach obiekt\u00f3w logistycznych nie wyst\u0119puj\u0105 s\u0142owa, [&hellip;]<\/p>\n","protected":false},"featured_media":2926,"parent":0,"template":"","news_types":[32],"acf":[],"_links":{"self":[{"href":"https:\/\/wpip.mda.pl\/en\/wp-json\/wp\/v2\/news\/3325"}],"collection":[{"href":"https:\/\/wpip.mda.pl\/en\/wp-json\/wp\/v2\/news"}],"about":[{"href":"https:\/\/wpip.mda.pl\/en\/wp-json\/wp\/v2\/types\/news"}],"wp:featuredmedia":[{"embeddable":true,"href":"https:\/\/wpip.mda.pl\/en\/wp-json\/wp\/v2\/media\/2926"}],"wp:attachment":[{"href":"https:\/\/wpip.mda.pl\/en\/wp-json\/wp\/v2\/media?parent=3325"}],"wp:term":[{"taxonomy":"news_types","embeddable":true,"href":"https:\/\/wpip.mda.pl\/en\/wp-json\/wp\/v2\/news_types?post=3325"}],"curies":[{"name":"wp","href":"https:\/\/api.w.org\/{rel}","templated":true}]}}