{"id":3320,"date":"2022-03-03T09:55:40","date_gmt":"2022-03-03T09:55:40","guid":{"rendered":"https:\/\/wpip.mda.pl\/artykul\/budujemy-nowy-obiekt-dla-fundacji-prozon\/"},"modified":"2022-03-03T09:55:40","modified_gmt":"2022-03-03T09:55:40","slug":"budujemy-nowy-obiekt-dla-fundacji-prozon","status":"publish","type":"news","link":"https:\/\/wpip.mda.pl\/en\/aktualnosci\/budujemy-nowy-obiekt-dla-fundacji-prozon\/","title":{"rendered":"Budujemy nowy obiekt dla Fundacji PROZON"},"content":{"rendered":"\n<section id=\"block_9fc346705093ea7373439219cc336a60\" class=\"entry-text \">\n    <div class=\"entry-text__text typo-17\"><p>23 lutego podpisali\u015bmy umow\u0119 na generalne wykonawstwo z Fundacj\u0105 Ochrony Klimatu PROZON. Do ko\u0144ca 2022 roku zbudujemy dla Klienta nowy obiekt produkcyjno-magazynowy z cz\u0119\u015bci\u0105 socjalno-biurow\u0105 o powierzchni 1700 m kw.<\/p>\n<\/div>\n<\/section>\n\n\n\n<p>Nowa siedziba Fundacji PROZON powstanie w Grabcach J\u00f3zefpolskich, woj. mazowieckie. Budowa rozpocznie si\u0119 1 kwietnia, a oddanie do u\u017cytkowania planowane jest na po\u0142ow\u0119 grudnia 2022 r. Realizacja inwestycji pomo\u017ce Fundacji w rozszerzeniu dzia\u0142alno\u015bci zwi\u0105zanej z regeneracj\u0105 czynnik\u00f3w ch\u0142odniczych. Hala produkcyjno-magazynowa wraz z wie\u017c\u0105 o wysoko\u015bci 16 m dla instalacji technologicznych Inwestora budowana b\u0119dzie w technologii \u017celbetowej.<\/p>\n<p>\u2013 <em>Obecnie Fundacja PROZON jest jedynym w Polsce podmiotem wykonuj\u0105cym regeneracj\u0119 fluorowanych gaz\u00f3w cieplarnianych. Dzi\u0119ki udoskonalaniu technologii oraz szukaniu nowych rozwi\u0105za\u0144 b\u0119dzie tak\u017ce wprowadza\u0142a nowoczesne rozwi\u0105zania pro\u015brodowiskowe w zakresie zagospodarowania czynnik\u00f3w ch\u0142odniczych. Inwestycja w nowy budynek pozwoli nam realizowa\u0107 te cele<\/em> \u2013 powiedzia\u0142 <strong>Krzysztof Grzegorczyk<\/strong>, Prezes Zarz\u0105du Fundacji Ochrony Klimatu PROZON.<\/p>\n<p>PROZON Fundacja Ochrony Klimatu od ponad 25 lat prowadzi dzia\u0142ania zmierzaj\u0105ce do ograniczenia stosowania oraz minimalizacji emisji fluorowanych gaz\u00f3w cieplarnianych koncentruj\u0105c si\u0119 na upowszechnianiu odzysku i regeneracji oraz u\u0142atwianiu dobrych praktyk w tym zakresie.<br \/>\nPROZON podejmuje tak\u017ce inicjatywy s\u0142u\u017c\u0105ce kszta\u0142towaniu \u015bwiadomo\u015bci ekologicznej w\u015br\u00f3d u\u017cytkownik\u00f3w tych substancji. Ca\u0142a dzia\u0142alno\u015b\u0107 bezpo\u015brednio przyczynia si\u0119 go ograniczania emisji gaz\u00f3w cieplarnianych oraz przeciwdzia\u0142ania niekorzystnym zmianom klimatycznym.<\/p>\n<p><img decoding=\"async\" loading=\"lazy\" class=\"alignnone wp-image-6868 size-large\" src=\"https:\/\/wpip.mda.pl\/app\/uploads\/2024\/03\/Prozon-bryla_View03r_compress-1024x561.jpg\" alt=\"wizualizacja budynku biurowo magazynowego firmy PROZON\" width=\"1024\" height=\"561\" \/><\/p>\n<p><img decoding=\"async\" loading=\"lazy\" class=\"alignnone wp-image-6874 size-large\" src=\"https:\/\/wpip.mda.pl\/app\/uploads\/2024\/03\/Prozon-bryla_View11r_compress-1024x561.jpg\" alt=\"\" width=\"1024\" height=\"561\" \/><\/p>","protected":false},"excerpt":{"rendered":"<p>Nowa siedziba Fundacji PROZON powstanie w Grabcach J\u00f3zefpolskich, woj. mazowieckie. Budowa rozpocznie si\u0119 1 kwietnia, a oddanie do u\u017cytkowania planowane jest na po\u0142ow\u0119 grudnia 2022 r. Realizacja inwestycji pomo\u017ce Fundacji w rozszerzeniu dzia\u0142alno\u015bci zwi\u0105zanej z regeneracj\u0105 czynnik\u00f3w ch\u0142odniczych. Hala produkcyjno-magazynowa wraz z wie\u017c\u0105 o wysoko\u015bci 16 m dla instalacji technologicznych Inwestora budowana b\u0119dzie w technologii [&hellip;]<\/p>\n","protected":false},"featured_media":2923,"parent":0,"template":"","news_types":[31],"acf":[],"_links":{"self":[{"href":"https:\/\/wpip.mda.pl\/en\/wp-json\/wp\/v2\/news\/3320"}],"collection":[{"href":"https:\/\/wpip.mda.pl\/en\/wp-json\/wp\/v2\/news"}],"about":[{"href":"https:\/\/wpip.mda.pl\/en\/wp-json\/wp\/v2\/types\/news"}],"wp:featuredmedia":[{"embeddable":true,"href":"https:\/\/wpip.mda.pl\/en\/wp-json\/wp\/v2\/media\/2923"}],"wp:attachment":[{"href":"https:\/\/wpip.mda.pl\/en\/wp-json\/wp\/v2\/media?parent=3320"}],"wp:term":[{"taxonomy":"news_types","embeddable":true,"href":"https:\/\/wpip.mda.pl\/en\/wp-json\/wp\/v2\/news_types?post=3320"}],"curies":[{"name":"wp","href":"https:\/\/api.w.org\/{rel}","templated":true}]}}