{"id":3315,"date":"2022-02-16T08:38:25","date_gmt":"2022-02-16T08:38:25","guid":{"rendered":"https:\/\/wpip.mda.pl\/artykul\/budujemy-nowoczesne-obiekty-sbu-w-sadach\/"},"modified":"2022-02-16T08:38:25","modified_gmt":"2022-02-16T08:38:25","slug":"budujemy-nowoczesne-obiekty-sbu-w-sadach","status":"publish","type":"news","link":"https:\/\/wpip.mda.pl\/en\/aktualnosci\/budujemy-nowoczesne-obiekty-sbu-w-sadach\/","title":{"rendered":"Budujemy nowoczesne obiekty SBU w Sadach"},"content":{"rendered":"\n<section id=\"block_1e9bd82f55daf3c47cab016d2d1731bc\" class=\"entry-text \">\n    <div class=\"entry-text__text typo-17\"><p>1 marca 2022 r. rusza budowa nowoczesnych budynk\u00f3w biurowo-us\u0142ugowo-magazynowych przy S11 w Sadach, gm. Tarnowo Podg\u00f3rne. Obiekty biurowo-halowe dostarcz\u0105 \u0142\u0105cznie 6 000 m kw. i zostan\u0105 podzielone na 4 segmenty przeznaczone na wynajem d\u0142ugoterminowy. 14 lutego podpisali\u015bmy umow\u0119 na generalne wykonawstwo z Inwestorem DSM Sp. z o.o.<\/p>\n<\/div>\n<\/section>\n\n\n\n<p>Nowe powierzchnie typu Small Business Units powstaj\u0105 w doskona\u0142ej lokalizacji przy w\u0119\u017ale komunikacyjnym trasy S11 i drogi 92 w Sadach pod Poznaniem. Zbudowane zostan\u0105 tam 4 segmenty biurowo-halowe. Ka\u017cdy z nich b\u0119dzie sk\u0142ada\u0142 si\u0119 z <strong>450 m kw. powierzchni biurowej<\/strong> o wysokim standardzie, roz\u0142o\u017conej na 3 kondygnacjach oraz <strong>1000 m kw.<\/strong> powierzchni magazynowo-us\u0142ugowej. \u0141\u0105cznie powierzchnia do komercjalizacji dla klient\u00f3w docelowych wyniesie blisko <strong>6000 m kw<\/strong>. Jako Generalny Wykonawca inwestycji jeste\u015bmy odpowiedzialni za przeprowadzenie prac budowalnych i zagospodarowanie terenu.<\/p>\n<p><img decoding=\"async\" loading=\"lazy\" class=\"alignnone wp-image-6829 size-large\" src=\"https:\/\/wpip.mda.pl\/app\/uploads\/2024\/03\/DSM-podpisanie-umowy3-1024x589.jpg\" alt=\"Podpisanie umowy na realziacj\u0119 inwestycji - 5 os\u00f3b przedstawiciele firm WPIP i DSM\" width=\"1024\" height=\"589\" \/><\/p>\n<p>&nbsp;<\/p>\n<p>\u2013 <em>Cz\u0119\u015b\u0107 powierzchni<\/em> bud<em>owanych obiekt\u00f3w planujemy zagospodarowa\u0107 na potrzeby rozwoju naszej dzia\u0142alno\u015bci, lecz g\u0142\u00f3wnym zamierzeniem inwestycji jest komercjalizacja powierzchni poprzez d\u0142ugoterminowy wynajem. Obecnie poszukujemy klient\u00f3w, kt\u00f3rzy zainteresowani s\u0105 powierzchniami o wy\u017cszej estetyce i lepszym standardzie. Na tym etapie mo\u017cemy wsp\u00f3lnie pracowa\u0107 nad dopasowaniem wn\u0119trz powierzchni socjalno-biurowych pod konkretne potrzeby najemc\u00f3w. Lokalizacja w pobli\u017cu Poznania, przy skrzy\u017cowaniu dw\u00f3ch tras, w tym S11, daje ogromne mo\u017cliwo\u015bci dzia\u0142ania firmom dystrybucyjnym i us\u0142ugowym<\/em> \u2013 powiedzia\u0142 <strong>Damian Mielczarek<\/strong>, Prezes Zarz\u0105du DSM Sp. z o.o.<\/p>\n<p>Cz\u0119\u015bci magazynowe realizowane b\u0119d\u0105 w konstrukcji mieszanej prefabrykowanej, w oparciu o s\u0142upy \u017celbetowe i kratownice. Biurowiec budowany b\u0119dzie metod\u0105 tradycyjn\u0105, ale dzi\u0119ki zastosowaniu du\u017cej ilo\u015bci fasad szklanych i jasnej wentylowanej elewacji b\u0119dzie mia\u0142 nowoczesny i estetyczny wygl\u0105d. Na cz\u0119\u015bci dach\u00f3w zaprojektowano instalacj\u0119 fotowoltaiczn\u0105, kt\u00f3ra sukcesywnie b\u0119dzie uruchamiana na obiektach.<br \/>\nPlanowany termin uko\u0144czenia budowy to 15 listopada 2022 r.<\/p>\n<p><img decoding=\"async\" loading=\"lazy\" class=\"alignnone wp-image-6832 size-large\" src=\"https:\/\/wpip.mda.pl\/app\/uploads\/2024\/03\/Hala-biurowiec-DSM-SADY_WIZ-1024x731.jpg\" alt=\"Wizuelaizacja obiektu biurowo-magazynowego \" width=\"1024\" height=\"731\" \/><\/p>","protected":false},"excerpt":{"rendered":"<p>Nowe powierzchnie typu Small Business Units powstaj\u0105 w doskona\u0142ej lokalizacji przy w\u0119\u017ale komunikacyjnym trasy S11 i drogi 92 w Sadach pod Poznaniem. Zbudowane zostan\u0105 tam 4 segmenty biurowo-halowe. Ka\u017cdy z nich b\u0119dzie sk\u0142ada\u0142 si\u0119 z 450 m kw. powierzchni biurowej o wysokim standardzie, roz\u0142o\u017conej na 3 kondygnacjach oraz 1000 m kw. powierzchni magazynowo-us\u0142ugowej. \u0141\u0105cznie powierzchnia [&hellip;]<\/p>\n","protected":false},"featured_media":3318,"parent":0,"template":"","news_types":[31],"acf":[],"_links":{"self":[{"href":"https:\/\/wpip.mda.pl\/en\/wp-json\/wp\/v2\/news\/3315"}],"collection":[{"href":"https:\/\/wpip.mda.pl\/en\/wp-json\/wp\/v2\/news"}],"about":[{"href":"https:\/\/wpip.mda.pl\/en\/wp-json\/wp\/v2\/types\/news"}],"wp:featuredmedia":[{"embeddable":true,"href":"https:\/\/wpip.mda.pl\/en\/wp-json\/wp\/v2\/media\/3318"}],"wp:attachment":[{"href":"https:\/\/wpip.mda.pl\/en\/wp-json\/wp\/v2\/media?parent=3315"}],"wp:term":[{"taxonomy":"news_types","embeddable":true,"href":"https:\/\/wpip.mda.pl\/en\/wp-json\/wp\/v2\/news_types?post=3315"}],"curies":[{"name":"wp","href":"https:\/\/api.w.org\/{rel}","templated":true}]}}