{"id":3287,"date":"2022-01-02T08:15:20","date_gmt":"2022-01-02T08:15:20","guid":{"rendered":"https:\/\/wpip.mda.pl\/artykul\/budowa-zakladu-produkcyjnego-nasze-wybrane-realizacje\/"},"modified":"2022-01-02T08:15:20","modified_gmt":"2022-01-02T08:15:20","slug":"budowa-zakladu-produkcyjnego-nasze-wybrane-realizacje","status":"publish","type":"news","link":"https:\/\/wpip.mda.pl\/en\/aktualnosci\/budowa-zakladu-produkcyjnego-nasze-wybrane-realizacje\/","title":{"rendered":"Budowa zak\u0142adu produkcyjnego &#8211; nasze wybrane realizacje"},"content":{"rendered":"\n<section id=\"block_632ab692bc1d84a65da5eaaa8a51113d\" class=\"entry-text \">\n    <div class=\"entry-text__text typo-17\"><p>Hala produkcyjna<\/p>\n<\/div>\n<\/section>\n\n\n\n<h3>Budowa zak\u0142adu produkcyjnego<\/h3>\n<p>Projektowanie i budowa zak\u0142adu produkcyjnego wymaga wysokich kompetencji od architekt\u00f3w i generalnego wykonawcy. Obiekt, w kt\u00f3rym planowane jest umieszczenie maszyn, linii produkcyjnych, stanowisk dla pracownik\u00f3w, a tak\u017ce coraz cz\u0119\u015bciej robot\u00f3w, musi spe\u0142nia\u0107 wiele warunk\u00f3w. Odpowiednio zaprojektowana konstrukcja, wysoko\u015bci w poszczeg\u00f3lnych sektorach, ci\u0105gi komunikacyjne, obci\u0105\u017cenia posadzki, instalacje sanitarne i elektryczne wp\u0142ywaj\u0105 na funkcjonalno\u015b\u0107 budynku produkcyjnego.<\/p>\n<h3>Z\u0142o\u017cony system<\/h3>\n<p><a href=\"https:\/\/wpip.pl\/oferta\/hale-produkcyjne\/\" target=\"_blank\" rel=\"noopener\">Zak\u0142ad produkcyjny<\/a> musi spe\u0142nia\u0107 normy zwi\u0105zane z prac\u0105 ludzi. Wytwarzanie niekt\u00f3rych produkt\u00f3w np. spo\u017cywczych dodatkowo obwarowane jest wymogami sanitarnymi. Zastosowanie r\u00f3\u017cnego typu urz\u0105dze\u0144 i technologii produkcyjnych stwarza konieczno\u015b\u0107 precyzyjnego zaplanowania instalacji elektrycznych i wentylacyjnych. Cz\u0119sto potrzebne s\u0105 specjalistyczne systemy np. odpylaj\u0105ce lub ch\u0142odz\u0105ce, stosowane by utrzyma\u0107 odpowiednie warunki do pracy. Dok\u0142adnie zaplanowany musi by\u0107 tak\u017ce harmonogram prac monta\u017cowych i budowlanych uwzgl\u0119dniaj\u0105cy czas ustawiania maszyn. Niekt\u00f3re elementy linii produkcyjnych musz\u0105 by\u0107 ustawiane przez ogromne d\u017awigi.<\/p>\n<h3>Do\u015bwiadczenie w budowie<\/h3>\n<p>WPIP posiada du\u017ce do\u015bwiadczenie w projektowani i realizacji zak\u0142ad\u00f3w produkcyjnych dla r\u00f3\u017cnych bran\u017c. <a href=\"https:\/\/wpip.pl\/oferta\/hale-produkcyjne\/\" target=\"_blank\" rel=\"noopener\">Budowa hali produkcyjnej<\/a>, w kt\u00f3rej wytwarzane s\u0105 cz\u0119\u015bci i akcesoria samochodowe, opakowania, meble, rolety, produkty spo\u017cywcze, a nawet leki to dobrze znane nam tematy. Jednak ka\u017cda inwestycja wymaga od nas gruntownego zapoznania si\u0119 z potrzebami klienta, specyfik\u0105 produkcji i zaprojektowania najlepszych rozwi\u0105za\u0144 w budynku. Proponujemy je w oparciu o nasze kilkunastoletnie do\u015bwiadczenie i wci\u0105\u017c rozszerzan\u0105 wiedz\u0119.<\/p>\n<h3>Tam powstaj\u0105 tramwaje<\/h3>\n<p>Tramwaje, a dok\u0142adnie \u201estalowe pud\u0142a\u201d do ich budowy, powstaj\u0105 w zak\u0142adzie <a href=\"https:\/\/wpip.pl\/realizacje\/stadler\/\" target=\"_blank\" rel=\"noopener\">Stadler \u015aroda<\/a>, nale\u017c\u0105cym do szwajcarskiej grupy Stadler. Budowa zak\u0142adu produkcyjnego w \u015arodzie Wielkopolskiej rozpocz\u0119\u0142a si\u0119 w 2018 roku w formule \u201eZaprojektuj-Wybuduj\u201d. Obiekt o \u0142\u0105cznej powierzchni 17 000 m kw. oddali\u015bmy do u\u017cytkowania w 2019 roku.  wraz z nowoczesn\u0105 lakierni\u0105 wykonana zosta\u0142a w konstrukcji mieszanej \u017celbetowo-stalowej obudowanej p\u0142ytami warstwowymi. Ze wzgl\u0119du na zlokalizowanie w obiekcie m.in. lakierni i \u015brutowni, zosta\u0142 on podzielony na specjalne strefy zagro\u017cenia wybuchem. Cz\u0119\u015b\u0107 administracyjno-biurow\u0105 o powierzchni 1.200 m kw. zrealizowali\u015bmy na bazie szkieletowej z nowoczesn\u0105 elewacj\u0105 wentylowan\u0105. W zakresie naszych pracy by\u0142o r\u00f3wnie\u017c wykonanie pe\u0142nej infrastruktury zewn\u0119trznej: 11.800 m kw. dr\u00f3g i plac\u00f3w manewrowych, 3.000 m kw. parking\u00f3w oraz 660 m kw. chodnik\u00f3w.<\/p>\n<p><a href=\"https:\/\/wpip.pl\/realizacje\/stadler\/\" target=\"_blank\" rel=\"noopener\"><img decoding=\"async\" loading=\"lazy\" class=\"aligncenter wp-image-4325 size-large\" src=\"https:\/\/wpip.mda.pl\/app\/uploads\/2024\/03\/stadler_2019-1024x575.jpg\" alt=\"budowa zak\u0142ad produkcyjny\" width=\"1024\" height=\"575\" \/><\/a><\/p>\n<h3>Produkcja o\u015bwietlenia<\/h3>\n<p>R\u00f3wnie\u017c w \u015arodzie Wielkopolskiej zbudowali\u015bmy zak\u0142ad produkcyjny firmy Lena Lighting S.A. Nasza wsp\u00f3\u0142praca rozpocz\u0119\u0142a si\u0119 w 2007 roku od zaprojektowania i budowy hali produkcyjno-magazynowej o powierzchni 11 300 m kw. W 2014 r. i 2017 r. firmy wsp\u00f3lnie przeprowadzi\u0142y kolejne inwestycje rozbudowuj\u0105c zak\u0142ad produkcyjny o kolejne 5 100 m kw. Powsta\u0142 tak\u017ce magazyn wysokiego sk\u0142adowania z cz\u0119\u015bci\u0105 socjalno-biurow\u0105. W 2021 roku zrealizowali\u015bmy kolejny etap rozbudowy siedziby wiod\u0105cego producenta wysokiej jako\u015bci system\u00f3w o\u015bwietleniowych. Przygotowali\u015bmy projekty wykonawcze i zrealizowali\u015bmy prace monta\u017cowo-budowlane, w wyniku kt\u00f3rych powsta\u0142y dodatkowa cz\u0119\u015b\u0107 hali stalowej w systemie Astron o powierzchni 1200 m kw. oraz 3-kondygnacyjny biurowiec w stanie deweloperskim o powierzchni 370 m kw.<\/p>\n<p><a href=\"https:\/\/wpip.pl\/realizacje\/lena-lighting\/\" target=\"_blank\" rel=\"noopener\"><img decoding=\"async\" loading=\"lazy\" class=\"aligncenter wp-image-6606 size-large\" src=\"https:\/\/wpip.mda.pl\/app\/uploads\/2024\/03\/lena-lighting-1024x767.jpg\" alt=\"budowa hala magazynowa produkcyjna\" width=\"1024\" height=\"767\" \/><\/a><\/p>\n<p>&nbsp;<\/p>\n<h3>Bran\u017ca spo\u017cywcza<\/h3>\n<p>W pi\u0119knie po\u0142o\u017conym Lutomiu wytwarzane s\u0105 dania obiadowe, warzywne pasztety, hummusy, paprykarze, a tak\u017ce apetyczne mas\u0142a orzechowe. Powstaj\u0105 w zak\u0142adzie produkcyjnym polskiej firmy <a href=\"https:\/\/www.primavika.pl\" target=\"_blank\" rel=\"noopener\">Primavika<\/a>, kt\u00f3ry zrealizowali\u015bmy w 2016 roku. Zaprojektowali\u015bmy i zbudowali\u015bmy obiekt o powierzchni 3300 m kw. spe\u0142niaj\u0105cy wszelkie normy dla produkcji \u017cywno\u015bci. Budynek sk\u0142ada si\u0119 z jednokondygnacyjnej hali magazynowo-produkcyjnej z 3 dokami za\u0142adowczymi oraz dwukondygnacyjnej cz\u0119\u015bci biurowej. Ca\u0142a budowa zak\u0142adu produkcyjnego odby\u0142a si\u0119 rekordowym tempie. Ze wzgl\u0119du na specyfik\u0119 bran\u017cy spo\u017cywczej, zastosowali\u015bmy specjaln\u0105 posadzk\u0119 poliuretanow\u0105 Flowfresh SR firmy Flowcrete o grubo\u015bci 6 mm. Ciekawym wyzwaniem w bran\u017cy FMCG by\u0142a dla nas tak\u017ce realizacja rozbudowy dla Zak\u0142ad\u00f3w Drobiarskich \u201e<a href=\"https:\/\/wpip.pl\/realizacje\/zaklady-drobiarskie-kozieglowy\/\" target=\"_blank\" rel=\"noopener\">Kozieg\u0142owy<\/a>\u201d.<\/p>\n<p><a href=\"https:\/\/wpip.pl\/realizacje\/primavika\/\" target=\"_blank\" rel=\"noopener\"><img decoding=\"async\" loading=\"lazy\" class=\"aligncenter wp-image-4299 size-large\" src=\"https:\/\/wpip.mda.pl\/app\/uploads\/2024\/03\/Primavika-zmn-1-1024x650.jpg\" alt=\"zak\u0142ad produkcyjny Primavika\" width=\"1024\" height=\"650\" \/><\/a><\/p>\n<h3>Producenci opakowa\u0144<\/h3>\n<p>Dla firmy <a href=\"https:\/\/www.kartonpak.pl\" target=\"_blank\" rel=\"noopener\">Karton-Pak S.A.<\/a> jednego z najstarszych producent\u00f3w opakowa\u0144 w Polsce zbudowali\u015bmy obiekt o powierzchni ok. 23 000 m kw. Wytwarzane s\u0105 w nim opakowania z tektur litych, zadrukowywane technik\u0105 offsetow\u0105, wielobarwne, lakierowane i klejone wielopunktowo. Nasz zakres prac obejmowa\u0142 projekt i budow\u0119 ca\u0142ego kompleks na kt\u00f3ry sk\u0142ada si\u0119: <a href=\"https:\/\/wpip.pl\/oferta\/hale-produkcyjne\/\" target=\"_blank\" rel=\"noopener\">hala produkcyjna<\/a>, magazynu wyrob\u00f3w gotowych i magazynu surowc\u00f3w. Budowa zak\u0142adu produkcyjnego realizowana by\u0142a w 2016 roku w Nowej Soli. W\u00f3wczas by\u0142 jednym z najbardziej zautomatyzowanych zak\u0142ad\u00f3w produkcyjnych opakowa\u0144 w Polsce.<\/p>\n<p><a href=\"https:\/\/wpip.pl\/realizacje\/karton-pak\/\" target=\"_blank\" rel=\"noopener\"><img decoding=\"async\" loading=\"lazy\" class=\"aligncenter wp-image-4399 size-full\" src=\"https:\/\/wpip.mda.pl\/app\/uploads\/2024\/03\/kartonpak_2016_4.jpg\" alt=\"hala produkcyjna budowa Karton Pak\" width=\"1600\" height=\"787\" \/><\/a><\/p>\n<p>Zak\u0142ad produkcyjny, fabryka, hala przemys\u0142owa, budynek monta\u017cowy \u2013 ka\u017cdy inwestor inaczej lubi nazywa\u0107 miejsce gdzie t\u0119tni \u017cycie jego firmy. Naszym zadaniem jest, by wszystko funkcjonowa\u0142o sprawnie, efektywnie i przyczynia\u0142o si\u0119 do rozwoju naszego Klienta.<\/p>","protected":false},"excerpt":{"rendered":"<p>Budowa zak\u0142adu produkcyjnego Projektowanie i budowa zak\u0142adu produkcyjnego wymaga wysokich kompetencji od architekt\u00f3w i generalnego wykonawcy. Obiekt, w kt\u00f3rym planowane jest umieszczenie maszyn, linii produkcyjnych, stanowisk dla pracownik\u00f3w, a tak\u017ce coraz cz\u0119\u015bciej robot\u00f3w, musi spe\u0142nia\u0107 wiele warunk\u00f3w. Odpowiednio zaprojektowana konstrukcja, wysoko\u015bci w poszczeg\u00f3lnych sektorach, ci\u0105gi komunikacyjne, obci\u0105\u017cenia posadzki, instalacje sanitarne i elektryczne wp\u0142ywaj\u0105 na funkcjonalno\u015b\u0107 [&hellip;]<\/p>\n","protected":false},"featured_media":2914,"parent":0,"template":"","news_types":[31,46],"acf":[],"_links":{"self":[{"href":"https:\/\/wpip.mda.pl\/en\/wp-json\/wp\/v2\/news\/3287"}],"collection":[{"href":"https:\/\/wpip.mda.pl\/en\/wp-json\/wp\/v2\/news"}],"about":[{"href":"https:\/\/wpip.mda.pl\/en\/wp-json\/wp\/v2\/types\/news"}],"wp:featuredmedia":[{"embeddable":true,"href":"https:\/\/wpip.mda.pl\/en\/wp-json\/wp\/v2\/media\/2914"}],"wp:attachment":[{"href":"https:\/\/wpip.mda.pl\/en\/wp-json\/wp\/v2\/media?parent=3287"}],"wp:term":[{"taxonomy":"news_types","embeddable":true,"href":"https:\/\/wpip.mda.pl\/en\/wp-json\/wp\/v2\/news_types?post=3287"}],"curies":[{"name":"wp","href":"https:\/\/api.w.org\/{rel}","templated":true}]}}