{"id":3284,"date":"2023-02-01T13:26:57","date_gmt":"2023-02-01T13:26:57","guid":{"rendered":"https:\/\/wpip.mda.pl\/artykul\/branza-nieruchomosci-magazynowych-wprowadza-polityke-zielonego-ladu-komentarz-ekspercki-w-top-logistyku\/"},"modified":"2023-02-01T13:26:57","modified_gmt":"2023-02-01T13:26:57","slug":"branza-nieruchomosci-magazynowych-wprowadza-polityke-zielonego-ladu-komentarz-ekspercki-w-top-logistyku","status":"publish","type":"news","link":"https:\/\/wpip.mda.pl\/en\/aktualnosci\/branza-nieruchomosci-magazynowych-wprowadza-polityke-zielonego-ladu-komentarz-ekspercki-w-top-logistyku\/","title":{"rendered":"Bran\u017ca nieruchomo\u015bci magazynowych wprowadza polityk\u0119 zielonego \u0142adu \u2013 komentarz ekspercki w \u201eTop Logistyku\u201d"},"content":{"rendered":"\n<section id=\"block_6ad08ed2c4f3c337d04a951afd472cb4\" class=\"entry-text \">\n    <div class=\"entry-text__text typo-17\"><p> m\u00f3wi Adam Zamelczyk, kierownik wsparcia sprzeda\u017cy WPIP.<\/p>\n<\/div>\n<\/section>\n\n\n\n<p><b>Logistyka u\u017cywa zbyt du\u017co energii, ale w najbli\u017cszych latach sporo si\u0119 ma w tej kwestii zmieni\u0107. B\u0119d\u0105 liczy\u0107 si\u0119 nawet jednostkowe oszcz\u0119dno\u015bci, w istocie przek\u0142adaj\u0105ce si\u0119 na du\u017ce pieni\u0105dze. Jakie rozwi\u0105zania s\u0105 ju\u017c stosowane w obiektach magazynowych? Na \u0142amach najnowszego numeru \u201eTop Logistyka\u201d opowiada o tym Adam Zamelczyk, kierownik wsparcia sprzeda\u017cy WPIP.<\/b><\/p>\n<p>Jednym z energooszcz\u0119dnych rozwi\u0105za\u0144 s\u0105 pompy ciep\u0142a.<\/p>\n<p><em>\u2013 Maj\u0105 one sporo zalet. Chodzi m.in. o mo\u017cliwo\u015b\u0107 ogrzewania obiektu zim\u0105 i ch\u0142odzenia latem. To nie wszystko. Wa\u017cna jest tak\u017ce szybko\u015b\u0107 dzia\u0142ania. To szczeg\u00f3lnie istotne, gdy w jednej cz\u0119\u015bci dnia musimy ogrzewa\u0107, w drugiej \u2013 ch\u0142odzi\u0107. Dochodzi do tego wysoka efektywno\u015b\u0107. Ciep\u0142o skraplania czynnika jest oddawane bezpo\u015brednio do ogrzewanego powietrza przy wi\u0119kszej r\u00f3\u017cnicy temperatur<\/em> \u2013<\/p>\n<p><img decoding=\"async\" loading=\"lazy\" class=\"alignnone size-full wp-image-7707\" src=\"https:\/\/wpip.mda.pl\/app\/uploads\/2024\/03\/Top.jpg\" alt=\"Komentarz ekspercki Adama Zamelczyka w &quot;Top Logistyku&quot;\" width=\"2560\" height=\"1920\" \/><\/p>\n<p>&nbsp;<\/p>\n<p>Pe\u0142n\u0105 wersj\u0119 tekstu \u201ePo\u017ceracze pr\u0105du&#8221; mo\u017cna przeczyta\u0107 na \u0142amach najnowszego numeru magazynu \u201eTop Logistyk\u201d.<\/p>\n<p>&nbsp;<\/p>\n<p><img decoding=\"async\" loading=\"lazy\" class=\"size-full wp-image-7709\" src=\"https:\/\/wpip.mda.pl\/app\/uploads\/2024\/03\/Top2.jpg\" alt=\"grudniowo-styczniowe wydanie &quot;Top Logistyka&quot;\" width=\"1767\" height=\"2560\" \/><\/p>\n<p>&nbsp;<\/p>\n<p>&nbsp;<\/p>","protected":false},"excerpt":{"rendered":"<p>Logistyka u\u017cywa zbyt du\u017co energii, ale w najbli\u017cszych latach sporo si\u0119 ma w tej kwestii zmieni\u0107. B\u0119d\u0105 liczy\u0107 si\u0119 nawet jednostkowe oszcz\u0119dno\u015bci, w istocie przek\u0142adaj\u0105ce si\u0119 na du\u017ce pieni\u0105dze. Jakie rozwi\u0105zania s\u0105 ju\u017c stosowane w obiektach magazynowych? Na \u0142amach najnowszego numeru \u201eTop Logistyka\u201d opowiada o tym Adam Zamelczyk, kierownik wsparcia sprzeda\u017cy WPIP. Jednym z energooszcz\u0119dnych [&hellip;]<\/p>\n","protected":false},"featured_media":3285,"parent":0,"template":"","news_types":[32],"acf":[],"_links":{"self":[{"href":"https:\/\/wpip.mda.pl\/en\/wp-json\/wp\/v2\/news\/3284"}],"collection":[{"href":"https:\/\/wpip.mda.pl\/en\/wp-json\/wp\/v2\/news"}],"about":[{"href":"https:\/\/wpip.mda.pl\/en\/wp-json\/wp\/v2\/types\/news"}],"wp:featuredmedia":[{"embeddable":true,"href":"https:\/\/wpip.mda.pl\/en\/wp-json\/wp\/v2\/media\/3285"}],"wp:attachment":[{"href":"https:\/\/wpip.mda.pl\/en\/wp-json\/wp\/v2\/media?parent=3284"}],"wp:term":[{"taxonomy":"news_types","embeddable":true,"href":"https:\/\/wpip.mda.pl\/en\/wp-json\/wp\/v2\/news_types?post=3284"}],"curies":[{"name":"wp","href":"https:\/\/api.w.org\/{rel}","templated":true}]}}